{"id":3150,"date":"2020-05-28T17:28:08","date_gmt":"2020-05-28T15:28:08","guid":{"rendered":"https:\/\/agora.xtec.cat\/ceipmarianao\/?p=3150"},"modified":"2020-06-02T17:47:51","modified_gmt":"2020-06-02T15:47:51","slug":"convocatoria-ajuts-menjador-curs-2020-2021","status":"publish","type":"post","link":"https:\/\/agora.xtec.cat\/ceipmarianao\/general\/convocatoria-ajuts-menjador-curs-2020-2021\/","title":{"rendered":"CONVOCAT\u00d2RIA AJUTS MENJADOR CURS 2020-2021"},"content":{"rendered":"<p style=\"font-weight: 400; text-align: justify;\">S&#8217;han aprovat les bases per a la convocat\u00f2ria dels ajuts de menjador escolar per al curs 2020-2021.<\/p>\n<p style=\"font-weight: 400; text-align: justify;\">Les mesures de confinament i les mesures sanit\u00e0ries deriven que la tramitaci\u00f3 dels\u00a0ajuts\u00a0per al proper curs ser\u00e0 principalment telem\u00e0tica. Des d&#8217;un m\u00f2bil, ordinador o tauleta podreu accedir al web del Consell Comarcal\u00a0<a href=\"http:\/\/www.elbaixllobregat.cat\/\" data-saferedirecturl=\"https:\/\/www.google.com\/url?q=http:\/\/www.elbaixllobregat.cat\/&amp;source=gmail&amp;ust=1590765839013000&amp;usg=AFQjCNEI3QbNDaO-ZkyXWCkoNm31hh5Gbw\">www.elbaixllobregat.cat<\/a>\u00a0i realitzar el tr\u00e0mit. El termini per a la presentaci\u00f3 de sol\u00b7licituds ser\u00e0 del\u00a0<strong><u>4 al\u00a017 de juny\u00a0de 2020.<\/u><\/strong><\/p>\n<p style=\"font-weight: 400; text-align: justify;\">No obstant, des del Consell Comarcal s\u00f3n conscients que hi ha fam\u00edlies que no disposeu de dispositius i que, potser, no podreu realitzar-lo. En aquest sentit s&#8217;obrir\u00e0 un segon termini, <span style=\"text-decoration: underline;\"><strong>del 18 de juny al 3 de juliol<\/strong><\/span>, perqu\u00e8 es realitzi mitjan\u00e7ant els Serveis Socials municipals.<\/p>\n<p style=\"font-weight: 400; text-align: justify;\">\u00c9s per aquest motiu que si preveieu que no la podreu emplenar telem\u00e0ticament ens haureu d&#8217;informar enviant un correu al centre: a8025599@xtec.cat. En aquest sentit, ens estareu autoritzant a passar les vostres dades a Serveis Socials perqu\u00e8 seran qui us acompanyaran en el proc\u00e9s de la presentaci\u00f3 de la sol\u00b7licitud presencial.<strong><u><br \/>\n<\/u><\/strong><\/p>\n<p style=\"font-weight: 400; text-align: justify;\">Recordeu que podreu trobar l&#8217;IDALU (n\u00famero d&#8217;identificador de l&#8217;alumne\/) dels infants que ja estan matriculats al centre a la part superior dels informes d&#8217;avaluaci\u00f3 que us lliurem i que els futurs i les futures alumnes de P3 encara no en tenen, aix\u00ed que haureu de deixar aquest camp de la sol\u00b7licitud en blanc.<\/p>\n<p style=\"text-align: justify;\"><a href=\"https:\/\/drive.google.com\/file\/d\/1woKBQTdKufttyOvaD7hK6Ibuylw6uJ5G\/view?usp=sharing\">Aqu\u00ed<\/a> teniu un document amb la informaci\u00f3 a tenir en compte i la documentaci\u00f3 necess\u00e0ria per a emplenar la sol\u00b7licitud de l&#8217;ajut telem\u00e0ticament.<\/p>\n","protected":false},"excerpt":{"rendered":"<p>S&#8217;han aprovat les bases per a la convocat\u00f2ria dels ajuts de menjador escolar per al curs 2020-2021.<br \/>\nLes mesures de confinament i les mesures sanit\u00e0ries deriven que la tramitaci\u00f3 dels\u00a0ajuts\u00a0per al proper curs ser\u00e0 principalment telem\u00e0tica. Des d&#8217;un m\u00f2bil, ordinador o tauleta podreu accedir al web&hellip;  <a href=\"https:\/\/agora.xtec.cat\/ceipmarianao\/general\/convocatoria-ajuts-menjador-curs-2020-2021\/\" title=\"Read CONVOCAT\u00d2RIA AJUTS MENJADOR CURS 2020-2021\">Llegeix m\u00e9s\u00bb<\/a><\/p>\n","protected":false},"author":3,"featured_media":0,"comment_status":"closed","ping_status":"closed","sticky":false,"template":"","format":"standard","meta":{"_bbp_topic_count":0,"_bbp_reply_count":0,"_bbp_total_topic_count":0,"_bbp_total_reply_count":0,"_bbp_voice_count":0,"_bbp_anonymous_reply_count":0,"_bbp_topic_count_hidden":0,"_bbp_reply_count_hidden":0,"_bbp_forum_subforum_count":0,"footnotes":""},"categories":[1,28,4],"tags":[],"class_list":["post-3150","post","type-post","status-publish","format-standard","hentry","category-general","category-noticies-portada","category-portada"],"post_mailing_queue_ids":[],"_links":{"self":[{"href":"https:\/\/agora.xtec.cat\/ceipmarianao\/wp-json\/wp\/v2\/posts\/3150","targetHints":{"allow":["GET"]}}],"collection":[{"href":"https:\/\/agora.xtec.cat\/ceipmarianao\/wp-json\/wp\/v2\/posts"}],"about":[{"href":"https:\/\/agora.xtec.cat\/ceipmarianao\/wp-json\/wp\/v2\/types\/post"}],"author":[{"embeddable":true,"href":"https:\/\/agora.xtec.cat\/ceipmarianao\/wp-json\/wp\/v2\/users\/3"}],"replies":[{"embeddable":true,"href":"https:\/\/agora.xtec.cat\/ceipmarianao\/wp-json\/wp\/v2\/comments?post=3150"}],"version-history":[{"count":3,"href":"https:\/\/agora.xtec.cat\/ceipmarianao\/wp-json\/wp\/v2\/posts\/3150\/revisions"}],"predecessor-version":[{"id":3181,"href":"https:\/\/agora.xtec.cat\/ceipmarianao\/wp-json\/wp\/v2\/posts\/3150\/revisions\/3181"}],"wp:attachment":[{"href":"https:\/\/agora.xtec.cat\/ceipmarianao\/wp-json\/wp\/v2\/media?parent=3150"}],"wp:term":[{"taxonomy":"category","embeddable":true,"href":"https:\/\/agora.xtec.cat\/ceipmarianao\/wp-json\/wp\/v2\/categories?post=3150"},{"taxonomy":"post_tag","embeddable":true,"href":"https:\/\/agora.xtec.cat\/ceipmarianao\/wp-json\/wp\/v2\/tags?post=3150"}],"curies":[{"name":"wp","href":"https:\/\/api.w.org\/{rel}","templated":true}]}}