{"id":3107,"date":"2020-05-16T10:37:55","date_gmt":"2020-05-16T08:37:55","guid":{"rendered":"https:\/\/agora.xtec.cat\/ceipmarianao\/?p=3107"},"modified":"2020-05-24T19:33:55","modified_gmt":"2020-05-24T17:33:55","slug":"sorpresa-de-la-nostra-mascota-el-marianet","status":"publish","type":"post","link":"https:\/\/agora.xtec.cat\/ceipmarianao\/general\/sorpresa-de-la-nostra-mascota-el-marianet\/","title":{"rendered":"SORPRESA DE LA NOSTRA MASCOTA, EL MARIANET!"},"content":{"rendered":"<p style=\"text-align: justify;\">La propera setmana haur\u00edem celebrat una de les activitats m\u00e9s emblem\u00e0tiques de l&#8217;Escola Marianao, la 23a Jornada Atl\u00e8tica. Com en anys anteriors, haur\u00edem preparat els jocs en fam\u00edlia, la masterclass de zumba i d&#8217;altres activitats especials de la Setmana Saludable.<\/p>\n<p style=\"text-align: justify;\">El Marianet, la nostra mascota i un dels protagonistes d&#8217;aquesta setmana, us vol fer arribar una carta molt especial i vol animar-vos a fer un &#8220;Marianet&#8221; i enviar-ne una foto, de dilluns 18 a divendres 22 de maig, al correu:\u00a0<a href=\"mailto:marianetescolamarianao@gmail.com\" target=\"_blank\" rel=\"noopener noreferrer\">marianetescolamarianao<wbr \/>@gmail.com<\/a><\/p>\n<p style=\"text-align: justify;\">Els m\u00e9s petitons poden dibuixar la seva cara o tot el cos si s&#8217;hi atreveixen! Els m\u00e9s grans poden fer un &#8220;Marianet&#8221; pla: pintura, collage, retoladors&#8230; o amb volum: fang, pasta de sal, cartr\u00f3 o altres materials que tingueu a casa.<\/p>\n<p style=\"text-align: justify;\">Endavant amb la vostra creativitat!!! (amb les fotografies que ens\u00a0feu arribar\u00a0farem un muntatge de v\u00eddeo\u00a0molt especial).<\/p>\n<p dir=\"ltr\" style=\"text-align: justify;\"><span style=\"font-family: inherit; font-size: 1em; text-align: justify;\">Enhorabona nens i nenes, el Marianet est\u00e0 s\u00faper content amb els vostres dibuixos i manualitats, diu que sou uns i unes artistes!!! Per aix\u00f2 us vol regalar aquesta medalla perqu\u00e8 us la pugueu imprimir i tenir-la a casa amb totes les altres de les jornades atl\u00e8tiques.<\/span><\/p>\n<div dir=\"ltr\"><a href=\"https:\/\/agora.xtec.cat\/ceipmarianao\/wp-content\/uploads\/usu17\/2020\/05\/Medalla.jpg\"><img loading=\"lazy\" decoding=\"async\" class=\"wp-image-3133 aligncenter\" src=\"https:\/\/agora.xtec.cat\/ceipmarianao\/wp-content\/uploads\/usu17\/2020\/05\/Medalla.jpg\" alt=\"\" width=\"269\" height=\"246\" srcset=\"https:\/\/agora.xtec.cat\/ceipmarianao\/wp-content\/uploads\/usu17\/2020\/05\/Medalla.jpg 509w, https:\/\/agora.xtec.cat\/ceipmarianao\/wp-content\/uploads\/usu17\/2020\/05\/Medalla-300x274.jpg 300w\" sizes=\"auto, (max-width: 269px) 100vw, 269px\" \/><\/a><\/div>\n","protected":false},"excerpt":{"rendered":"<p>La propera setmana haur\u00edem celebrat una de les activitats m\u00e9s emblem\u00e0tiques de l&#8217;Escola Marianao, la 23a Jornada Atl\u00e8tica. Com en anys anteriors, haur\u00edem preparat els jocs en fam\u00edlia, la masterclass de zumba i d&#8217;altres activitats especials de la Setmana Saludable.<br \/>\nEl Marianet, la nostra mascota i&hellip;  <a href=\"https:\/\/agora.xtec.cat\/ceipmarianao\/general\/sorpresa-de-la-nostra-mascota-el-marianet\/\" title=\"Read SORPRESA DE LA NOSTRA MASCOTA, EL MARIANET!\">Llegeix m\u00e9s\u00bb<\/a><\/p>\n","protected":false},"author":1,"featured_media":0,"comment_status":"open","ping_status":"closed","sticky":false,"template":"","format":"standard","meta":{"_bbp_topic_count":0,"_bbp_reply_count":0,"_bbp_total_topic_count":0,"_bbp_total_reply_count":0,"_bbp_voice_count":0,"_bbp_anonymous_reply_count":0,"_bbp_topic_count_hidden":0,"_bbp_reply_count_hidden":0,"_bbp_forum_subforum_count":0,"footnotes":""},"categories":[1,28,4],"tags":[],"class_list":["post-3107","post","type-post","status-publish","format-standard","hentry","category-general","category-noticies-portada","category-portada"],"post_mailing_queue_ids":[],"_links":{"self":[{"href":"https:\/\/agora.xtec.cat\/ceipmarianao\/wp-json\/wp\/v2\/posts\/3107","targetHints":{"allow":["GET"]}}],"collection":[{"href":"https:\/\/agora.xtec.cat\/ceipmarianao\/wp-json\/wp\/v2\/posts"}],"about":[{"href":"https:\/\/agora.xtec.cat\/ceipmarianao\/wp-json\/wp\/v2\/types\/post"}],"author":[{"embeddable":true,"href":"https:\/\/agora.xtec.cat\/ceipmarianao\/wp-json\/wp\/v2\/users\/1"}],"replies":[{"embeddable":true,"href":"https:\/\/agora.xtec.cat\/ceipmarianao\/wp-json\/wp\/v2\/comments?post=3107"}],"version-history":[{"count":4,"href":"https:\/\/agora.xtec.cat\/ceipmarianao\/wp-json\/wp\/v2\/posts\/3107\/revisions"}],"predecessor-version":[{"id":3149,"href":"https:\/\/agora.xtec.cat\/ceipmarianao\/wp-json\/wp\/v2\/posts\/3107\/revisions\/3149"}],"wp:attachment":[{"href":"https:\/\/agora.xtec.cat\/ceipmarianao\/wp-json\/wp\/v2\/media?parent=3107"}],"wp:term":[{"taxonomy":"category","embeddable":true,"href":"https:\/\/agora.xtec.cat\/ceipmarianao\/wp-json\/wp\/v2\/categories?post=3107"},{"taxonomy":"post_tag","embeddable":true,"href":"https:\/\/agora.xtec.cat\/ceipmarianao\/wp-json\/wp\/v2\/tags?post=3107"}],"curies":[{"name":"wp","href":"https:\/\/api.w.org\/{rel}","templated":true}]}}