{"id":3058,"date":"2020-05-08T14:04:15","date_gmt":"2020-05-08T12:04:15","guid":{"rendered":"https:\/\/agora.xtec.cat\/ceipmarianao\/?p=3058"},"modified":"2020-05-08T19:21:22","modified_gmt":"2020-05-08T17:21:22","slug":"planificacio-setmanal-de-l11-al-15-de-maig","status":"publish","type":"post","link":"https:\/\/agora.xtec.cat\/ceipmarianao\/general\/planificacio-setmanal-de-l11-al-15-de-maig\/","title":{"rendered":"PLANIFICACI\u00d3 SETMANAL (DE L&#8217;11 AL 15 DE MAIG)"},"content":{"rendered":"<p style=\"text-align: justify;\">Aqu\u00ed teniu les graelles amb la planificaci\u00f3 de les tasques proposada per a la setmana vinent.<\/p>\n<p style=\"text-align: justify;\">Com a novetat, a partir d&#8217;aquesta setmana, trobareu al final de la graella un apartat que es diu &#8220;una mica m\u00e9s&#8221;. Aquest apartat est\u00e0 destinat a aquells infants i fam\u00edlies que vulguin tasques d&#8217;ampliaci\u00f3. S\u00f3n propostes totalment volunt\u00e0ries i no caldr\u00e0 que retorneu cap tipus d&#8217;evid\u00e8ncia als i a les mestres.<\/p>\n<p style=\"text-align: justify;\">Una forta abra\u00e7ada virtual i molts \u00e0nims.<\/p>\n<p style=\"text-align: center;\"><a href=\"https:\/\/drive.google.com\/file\/d\/1nvYQsE_BhNSqPYa4oRuEx1vSkkptt1GS\/view?usp=sharing\">P3 <\/a>\u00a0 \u00a0 <a href=\"https:\/\/drive.google.com\/file\/d\/1DbSwnrwsw_7fu9TZ70yyZXK4bhbF7wC7\/view?usp=sharing\">P4<\/a> \u00a0 \u00a0 <a href=\"https:\/\/drive.google.com\/file\/d\/1C46M62um36Eu3TQPMhDC4icxzi68U1IM\/view?usp=sharing\">P5A<\/a> \u00a0 \u00a0 <a href=\"https:\/\/drive.google.com\/file\/d\/1Jaa_P10nBGC9iHOYTkFSa6D6rtpv1hK6\/view?usp=sharing\">P5B<\/a> \u00a0\u00a0\u00a0 <a href=\"https:\/\/drive.google.com\/file\/d\/1blZ_0tU4NL46sDSCZGkF1Zapk9btEfoj\/view?usp=sharing\">1r<\/a> \u00a0 \u00a0 <a href=\"https:\/\/drive.google.com\/file\/d\/1CDX2OIC11wqUw2isAXGrw_P1240ET8vb\/view?usp=sharing\">2n\u00a0<\/a> \u00a0 <a href=\"https:\/\/drive.google.com\/file\/d\/1wcYNlLwT5U3OwcMSoOb7UiBFyPoqYY3h\/view?usp=sharing\">3r<\/a> \u00a0 \u00a0<a href=\"https:\/\/drive.google.com\/file\/d\/1NmJqXmCoFkDi-9vkI_ZVejbf7keXyAY2\/view?usp=sharing\">4t<\/a> \u00a0\u00a0 <a href=\"https:\/\/drive.google.com\/file\/d\/1Qj0jgeGtjRCX73fbO9qRhoBOjKoLx3Ok\/view?usp=sharing\">5\u00e8<\/a> \u00a0\u00a0 <a href=\"https:\/\/drive.google.com\/file\/d\/1FqdcdSj8YxpVpr0L-u-I4jQXzi3poJQl\/view?usp=sharing\">6\u00e8<\/a><\/p>\n","protected":false},"excerpt":{"rendered":"<p>Aqu\u00ed teniu les graelles amb la planificaci\u00f3 de les tasques proposada per a la setmana vinent.<br \/>\nCom a novetat, a partir d&#8217;aquesta setmana, trobareu al final de la graella un apartat que es diu &#8220;una mica m\u00e9s&#8221;. Aquest apartat est\u00e0 destinat a aquells infants i fam\u00edlies&hellip;  <a href=\"https:\/\/agora.xtec.cat\/ceipmarianao\/general\/planificacio-setmanal-de-l11-al-15-de-maig\/\" title=\"Read PLANIFICACI\u00d3 SETMANAL (DE L&#8217;11 AL 15 DE MAIG)\">Llegeix m\u00e9s\u00bb<\/a><\/p>\n","protected":false},"author":3,"featured_media":0,"comment_status":"closed","ping_status":"closed","sticky":false,"template":"","format":"standard","meta":{"_bbp_topic_count":0,"_bbp_reply_count":0,"_bbp_total_topic_count":0,"_bbp_total_reply_count":0,"_bbp_voice_count":0,"_bbp_anonymous_reply_count":0,"_bbp_topic_count_hidden":0,"_bbp_reply_count_hidden":0,"_bbp_forum_subforum_count":0,"footnotes":""},"categories":[1,28,4],"tags":[],"class_list":["post-3058","post","type-post","status-publish","format-standard","hentry","category-general","category-noticies-portada","category-portada"],"post_mailing_queue_ids":[],"_links":{"self":[{"href":"https:\/\/agora.xtec.cat\/ceipmarianao\/wp-json\/wp\/v2\/posts\/3058","targetHints":{"allow":["GET"]}}],"collection":[{"href":"https:\/\/agora.xtec.cat\/ceipmarianao\/wp-json\/wp\/v2\/posts"}],"about":[{"href":"https:\/\/agora.xtec.cat\/ceipmarianao\/wp-json\/wp\/v2\/types\/post"}],"author":[{"embeddable":true,"href":"https:\/\/agora.xtec.cat\/ceipmarianao\/wp-json\/wp\/v2\/users\/3"}],"replies":[{"embeddable":true,"href":"https:\/\/agora.xtec.cat\/ceipmarianao\/wp-json\/wp\/v2\/comments?post=3058"}],"version-history":[{"count":3,"href":"https:\/\/agora.xtec.cat\/ceipmarianao\/wp-json\/wp\/v2\/posts\/3058\/revisions"}],"predecessor-version":[{"id":3077,"href":"https:\/\/agora.xtec.cat\/ceipmarianao\/wp-json\/wp\/v2\/posts\/3058\/revisions\/3077"}],"wp:attachment":[{"href":"https:\/\/agora.xtec.cat\/ceipmarianao\/wp-json\/wp\/v2\/media?parent=3058"}],"wp:term":[{"taxonomy":"category","embeddable":true,"href":"https:\/\/agora.xtec.cat\/ceipmarianao\/wp-json\/wp\/v2\/categories?post=3058"},{"taxonomy":"post_tag","embeddable":true,"href":"https:\/\/agora.xtec.cat\/ceipmarianao\/wp-json\/wp\/v2\/tags?post=3058"}],"curies":[{"name":"wp","href":"https:\/\/api.w.org\/{rel}","templated":true}]}}