{"id":3045,"date":"2020-05-01T23:08:35","date_gmt":"2020-05-01T21:08:35","guid":{"rendered":"https:\/\/agora.xtec.cat\/ceipmarianao\/?p=3045"},"modified":"2020-05-01T23:12:19","modified_gmt":"2020-05-01T21:12:19","slug":"planificacio-setmanal-del-4-al-8-de-maig","status":"publish","type":"post","link":"https:\/\/agora.xtec.cat\/ceipmarianao\/general\/planificacio-setmanal-del-4-al-8-de-maig\/","title":{"rendered":"PLANIFICACI\u00d3 SETMANAL (DEL 4 AL 8 DE MAIG)"},"content":{"rendered":"<p>Aqu\u00ed us deixem, com ja \u00e9s costum, la planificaci\u00f3 amb les activitats que us proposem aquesta setmana.<\/p>\n<p style=\"text-align: justify;\">Recordeu que nom\u00e9s cal que envieu, a final de setmana, les evid\u00e8ncies que se us demanen als correus indicats a la graella (els personals de domini escolamarianao.es de cada mestre\/a).<\/p>\n<p style=\"text-align: justify;\">Com ja sabeu, a partir d&#8217;ara els comunicats de l&#8217;escola se us enviaran a l&#8217;adre\u00e7a de correu que hem creat per als vostres fills i filles. Per a connectar-vos a les videoconfer\u00e8ncies nom\u00e9s caldr\u00e0 que cliqueu a l&#8217;enlla\u00e7 que hi ha a la planificaci\u00f3 setmanal. Si ho feu des d&#8217;aquest\u00a0compte hi accedireu directament, sense necessitat de sol\u00b7licitar-hi perm\u00eds.<\/p>\n<p style=\"text-align: justify;\">Recordeu que cal que descarregueu l&#8217;aplicaci\u00f3 Meet al vostre dispositiu i que teniu la possibilitat que tots els infants es vegin a la pantalla si feu servir el navegador Chrome i us hi instal\u00b7leu aquesta extensi\u00f3:<\/p>\n<p style=\"text-align: justify;\">1. Accediu a aquest enlla\u00e7: <a href=\"https:\/\/chrome.google.com\/webstore\/detail\/google-meet-grid-view\/bjkegbgpfgpikgkfidhcihhiflbjgfic?hl=es\">https:\/\/chrome.google.com\/webstore\/detail\/google-meet-grid-view\/bjkegbgpfgpikgkfidhcihhiflbjgfic?hl=es<\/a><br \/>\n2. Cliqueu a &#8220;instal\u00b7lar&#8221; i seguiu les passes.<br \/>\n3. Reinicieu l&#8217;ordinador o la tablet.<br \/>\n4. Quan entreu a la videoconfer\u00e8ncia us sortir\u00e0 un quadrat amb nou quadradets a dins (ratllat), a la part superior dreta, al costat de la icona del xat.<br \/>\n5. Cliqueu-hi a sobre i ja ho tindreu. Si torneu a clicar-hi veureu que hi ha diferents opcions de visualitzar la pantalla perqu\u00e8 en trieu la que us agradi m\u00e9s.<\/p>\n<p style=\"text-align: center;\"><a href=\"https:\/\/drive.google.com\/file\/d\/1oObjV96W_r_1bjuGJuxHDiVS-Kacc4wo\/view?usp=sharing\">P3<\/a>\u00a0\u00a0\u00a0\u00a0\u00a0\u00a0\u00a0\u00a0\u00a0\u00a0\u00a0\u00a0\u00a0\u00a0\u00a0\u00a0\u00a0\u00a0\u00a0\u00a0\u00a0\u00a0\u00a0\u00a0\u00a0\u00a0\u00a0\u00a0\u00a0 <a href=\"https:\/\/drive.google.com\/file\/d\/1Uk__9yk6Z6ssDMsntWDZrcdO5gtgz7hk\/view?usp=sharing\">1r<\/a>\u00a0\u00a0\u00a0\u00a0\u00a0\u00a0\u00a0\u00a0\u00a0\u00a0\u00a0\u00a0\u00a0\u00a0\u00a0\u00a0\u00a0\u00a0\u00a0\u00a0\u00a0\u00a0\u00a0\u00a0\u00a0\u00a0\u00a0\u00a0\u00a0 <a href=\"https:\/\/drive.google.com\/file\/d\/1ooy8Ym1vh3JRKtqk2OmyAalKNH7kw2_-\/view?usp=sharing\">4t<\/a><\/p>\n<p style=\"text-align: center;\"><a href=\"https:\/\/drive.google.com\/file\/d\/1nllFTRvmYimTjFvdPm5V1_spu_p868ss\/view?usp=sharing\">P4\u00a0<\/a>\u00a0\u00a0\u00a0\u00a0\u00a0\u00a0\u00a0\u00a0\u00a0\u00a0\u00a0\u00a0\u00a0\u00a0\u00a0\u00a0\u00a0\u00a0\u00a0\u00a0\u00a0\u00a0\u00a0\u00a0\u00a0\u00a0\u00a0\u00a0 <a href=\"https:\/\/drive.google.com\/file\/d\/1hYFtJhKf6bi0aydL2lzWpnOphI0gHSyq\/view?usp=sharing\">2n<\/a>\u00a0\u00a0\u00a0\u00a0\u00a0\u00a0\u00a0\u00a0\u00a0\u00a0\u00a0\u00a0\u00a0\u00a0\u00a0\u00a0\u00a0\u00a0\u00a0\u00a0\u00a0\u00a0\u00a0\u00a0\u00a0\u00a0\u00a0\u00a0<a href=\"https:\/\/drive.google.com\/file\/d\/1la5JihK_3rB2w_f4HdQRMP6OD77bcmP9\/view?usp=sharing\">\u00a05\u00e8<\/a><\/p>\n<p style=\"text-align: center;\"><a href=\"https:\/\/drive.google.com\/file\/d\/1ywsszMu9X1ap2FXZuNmS765zKZ-0cixW\/view?usp=sharing\">P5A<\/a> i <a href=\"https:\/\/drive.google.com\/file\/d\/1lsXwlshzGXGS4mT6l9Kcz3UDcnjRSP5x\/view?usp=sharing\">P5B<\/a>\u00a0\u00a0\u00a0\u00a0\u00a0\u00a0\u00a0\u00a0\u00a0\u00a0\u00a0\u00a0\u00a0\u00a0\u00a0\u00a0\u00a0 <a href=\"https:\/\/drive.google.com\/file\/d\/1UWjB4xA4ZhhspG7O6GUUzEFBqPgtwCVg\/view?usp=sharing\">3r<\/a>\u00a0\u00a0\u00a0\u00a0\u00a0\u00a0\u00a0\u00a0\u00a0\u00a0\u00a0\u00a0\u00a0\u00a0\u00a0\u00a0\u00a0\u00a0\u00a0\u00a0\u00a0\u00a0\u00a0\u00a0\u00a0\u00a0\u00a0\u00a0\u00a0 <a href=\"https:\/\/drive.google.com\/file\/d\/18s_lg_sZZSDCKPCinWl2RantQk7YS7kL\/view?usp=sharing\">6\u00e8<\/a><\/p>\n<p style=\"text-align: center;\">\n","protected":false},"excerpt":{"rendered":"<p>Aqu\u00ed us deixem, com ja \u00e9s costum, la planificaci\u00f3 amb les activitats que us proposem aquesta setmana.<br \/>\nRecordeu que nom\u00e9s cal que envieu, a final de setmana, les evid\u00e8ncies que se us demanen als correus indicats a la graella (els personals de domini escolamarianao.es de cada&hellip;  <a href=\"https:\/\/agora.xtec.cat\/ceipmarianao\/general\/planificacio-setmanal-del-4-al-8-de-maig\/\" title=\"Read PLANIFICACI\u00d3 SETMANAL (DEL 4 AL 8 DE MAIG)\">Llegeix m\u00e9s\u00bb<\/a><\/p>\n","protected":false},"author":3,"featured_media":0,"comment_status":"closed","ping_status":"closed","sticky":false,"template":"","format":"standard","meta":{"_bbp_topic_count":0,"_bbp_reply_count":0,"_bbp_total_topic_count":0,"_bbp_total_reply_count":0,"_bbp_voice_count":0,"_bbp_anonymous_reply_count":0,"_bbp_topic_count_hidden":0,"_bbp_reply_count_hidden":0,"_bbp_forum_subforum_count":0,"footnotes":""},"categories":[1,28,4],"tags":[],"class_list":["post-3045","post","type-post","status-publish","format-standard","hentry","category-general","category-noticies-portada","category-portada"],"post_mailing_queue_ids":[],"_links":{"self":[{"href":"https:\/\/agora.xtec.cat\/ceipmarianao\/wp-json\/wp\/v2\/posts\/3045","targetHints":{"allow":["GET"]}}],"collection":[{"href":"https:\/\/agora.xtec.cat\/ceipmarianao\/wp-json\/wp\/v2\/posts"}],"about":[{"href":"https:\/\/agora.xtec.cat\/ceipmarianao\/wp-json\/wp\/v2\/types\/post"}],"author":[{"embeddable":true,"href":"https:\/\/agora.xtec.cat\/ceipmarianao\/wp-json\/wp\/v2\/users\/3"}],"replies":[{"embeddable":true,"href":"https:\/\/agora.xtec.cat\/ceipmarianao\/wp-json\/wp\/v2\/comments?post=3045"}],"version-history":[{"count":3,"href":"https:\/\/agora.xtec.cat\/ceipmarianao\/wp-json\/wp\/v2\/posts\/3045\/revisions"}],"predecessor-version":[{"id":3050,"href":"https:\/\/agora.xtec.cat\/ceipmarianao\/wp-json\/wp\/v2\/posts\/3045\/revisions\/3050"}],"wp:attachment":[{"href":"https:\/\/agora.xtec.cat\/ceipmarianao\/wp-json\/wp\/v2\/media?parent=3045"}],"wp:term":[{"taxonomy":"category","embeddable":true,"href":"https:\/\/agora.xtec.cat\/ceipmarianao\/wp-json\/wp\/v2\/categories?post=3045"},{"taxonomy":"post_tag","embeddable":true,"href":"https:\/\/agora.xtec.cat\/ceipmarianao\/wp-json\/wp\/v2\/tags?post=3045"}],"curies":[{"name":"wp","href":"https:\/\/api.w.org\/{rel}","templated":true}]}}