{"id":3030,"date":"2020-04-24T14:01:54","date_gmt":"2020-04-24T12:01:54","guid":{"rendered":"https:\/\/agora.xtec.cat\/ceipmarianao\/?p=3030"},"modified":"2020-04-24T19:55:03","modified_gmt":"2020-04-24T17:55:03","slug":"planificacio-setmanal-del-27-al-30-dabril","status":"publish","type":"post","link":"https:\/\/agora.xtec.cat\/ceipmarianao\/general\/planificacio-setmanal-del-27-al-30-dabril\/","title":{"rendered":"PLANIFICACI\u00d3 SETMANAL (DEL 27 AL 30 D&#8217;ABRIL)"},"content":{"rendered":"<p style=\"text-align: justify;\">Aqu\u00ed teniu la planificaci\u00f3 de la setmana vinent amb les activitats que us proposem.<\/p>\n<p style=\"text-align: justify;\">Aquesta setmana hi ha dues novetats:<\/p>\n<p style=\"text-align: justify;\">&#8211; Les videoconfer\u00e8ncies, programades a les graelles, les farem amb l&#8217;aplicaci\u00f3 <strong>Meet<\/strong> (Hangouts Meet), ja que \u00e9s la que ens ha recomanat el Departament d&#8217;Educaci\u00f3. \u00c9s necessari que us la descarregueu al dispositiu que fareu servir. Un cop descarregada, el funcionament ser\u00e0 igual al de Jitsi: nom\u00e9s haureu de clicar a l&#8217;enlla\u00e7, per\u00f2 en comptes d&#8217;entrar-hi directament, haureu de sol\u00b7licitar perm\u00eds per accedir-hi. Nosaltres, immediatament, us hi donarem acc\u00e9s.<\/p>\n<p style=\"text-align: justify;\">Us recomanem que feu servir el navegador <strong>CHROME<\/strong>. Si voleu tenir l&#8217;opci\u00f3 de veure tots els companys i companyes a la pantalla haureu d&#8217;instal\u00b7lar-vos aquesta extensi\u00f3 del GOOGLE CHROME:<\/p>\n<p style=\"text-align: justify;\">https:\/\/chrome.google.com\/webstore\/detail\/google-meet-grid-view\/bjkegbgpfgpikgkfidhcihhiflbjgfic<\/p>\n<p style=\"text-align: justify;\">&#8211; Les evid\u00e8ncies de les tasques s&#8217;hauran d&#8217;enviar a unes adreces de correu diferents a les que heu fet servir fins ara. Cada docent les rebr\u00e0 a un compte personal amb domini de l&#8217;Escola (els teniu indicats a les graelles). Us tornem a informar que \u00e9s important que, en la mesura del possible, retorneu les evid\u00e8ncies que se us demanen per poder fer el seguiment dels vostres fills i filles i l&#8217;avaluaci\u00f3 formativa d&#8217;aquest tercer trimestre. Us recordem, tamb\u00e9, que<strong> les evid\u00e8ncies amb un mateix destinatari les haur\u00edeu d&#8217;enviar totes juntes<\/strong>, alhora, quan estiguin enllestides (en un mateix correu amb diferents arxius adjunts) per facilitar-nos la seva gesti\u00f3.<\/p>\n<p style=\"text-align: center;\"><a href=\"https:\/\/drive.google.com\/file\/d\/15NKPseG4u2n4KyFNnovXLZf0KS2u7zd9\/view?usp=sharing\">P3<\/a>\u00a0\u00a0\u00a0\u00a0\u00a0\u00a0\u00a0\u00a0\u00a0\u00a0\u00a0\u00a0\u00a0\u00a0\u00a0\u00a0\u00a0\u00a0\u00a0\u00a0\u00a0\u00a0\u00a0\u00a0\u00a0\u00a0\u00a0\u00a0\u00a0 <a href=\"https:\/\/drive.google.com\/file\/d\/1OlMhF-iVHSbSz9J6vj5z23UAeH-NVw1Q\/view?usp=sharing\">1r<\/a>\u00a0\u00a0\u00a0\u00a0\u00a0\u00a0\u00a0\u00a0\u00a0\u00a0\u00a0\u00a0\u00a0\u00a0\u00a0\u00a0\u00a0\u00a0\u00a0\u00a0\u00a0\u00a0\u00a0\u00a0\u00a0\u00a0\u00a0\u00a0\u00a0 <a href=\"https:\/\/drive.google.com\/file\/d\/1w-1-VeZhzHCw-S4vA3FV4J93rQnKLAXj\/view?usp=sharing\">4t<\/a><\/p>\n<p style=\"text-align: center;\"><a href=\"https:\/\/drive.google.com\/file\/d\/1o-aZLESlNZa67w0ANTWgId2q75NRf6yb\/view?usp=sharing\">P4<\/a>\u00a0\u00a0\u00a0\u00a0\u00a0\u00a0\u00a0\u00a0\u00a0\u00a0\u00a0\u00a0\u00a0\u00a0\u00a0\u00a0\u00a0\u00a0\u00a0\u00a0\u00a0\u00a0\u00a0\u00a0\u00a0\u00a0\u00a0\u00a0\u00a0 <a href=\"https:\/\/drive.google.com\/file\/d\/10WKc24wKwu1YyPJMsVe0zEqEatw36uUi\/view?usp=sharing\">2n<\/a>\u00a0\u00a0\u00a0\u00a0\u00a0\u00a0\u00a0\u00a0\u00a0\u00a0\u00a0\u00a0\u00a0\u00a0\u00a0\u00a0\u00a0\u00a0\u00a0\u00a0\u00a0\u00a0\u00a0\u00a0\u00a0\u00a0\u00a0\u00a0<a href=\"https:\/\/drive.google.com\/file\/d\/1SAQAL8QmR2ZX6y_tQ4eUpLFiHk1cFxGO\/view?usp=sharing\">\u00a05\u00e8<\/a><\/p>\n<p style=\"text-align: center;\"><a href=\"https:\/\/drive.google.com\/file\/d\/1sNrEmXwyy7Gps_UgUIsT8MDzFRdlHBhP\/view?usp=sharing\">P5A<\/a> i <a href=\"https:\/\/drive.google.com\/file\/d\/1_UoMA9EaYgKoe2oGzEB3ImRUgeV8zM9a\/view?usp=sharing\">P5B<\/a>\u00a0\u00a0\u00a0\u00a0\u00a0\u00a0\u00a0\u00a0\u00a0\u00a0\u00a0\u00a0\u00a0\u00a0\u00a0\u00a0\u00a0<a href=\"https:\/\/drive.google.com\/file\/d\/1As8L_y7zGOCfEvcfUFDsHoAmdeno8kqw\/view?usp=sharing\">\u00a03r\u00a0<\/a>\u00a0\u00a0\u00a0\u00a0\u00a0\u00a0\u00a0\u00a0\u00a0\u00a0\u00a0\u00a0\u00a0\u00a0\u00a0\u00a0\u00a0\u00a0\u00a0\u00a0\u00a0\u00a0\u00a0\u00a0\u00a0\u00a0\u00a0\u00a0 <a href=\"https:\/\/drive.google.com\/file\/d\/1BLhseLOCaLomHusbdYorcR8swod--bn6\/view?usp=sharing\">6\u00e8<\/a><\/p>\n","protected":false},"excerpt":{"rendered":"<p>Aqu\u00ed teniu la planificaci\u00f3 de la setmana vinent amb les activitats que us proposem.<br \/>\nAquesta setmana hi ha dues novetats:<br \/>\n&#8211; Les videoconfer\u00e8ncies, programades a les graelles, les farem amb l&#8217;aplicaci\u00f3 Meet (Hangouts Meet), ja que \u00e9s la que ens ha recomanat el Departament d&#8217;Educaci\u00f3. \u00c9s necessari&hellip;  <a href=\"https:\/\/agora.xtec.cat\/ceipmarianao\/general\/planificacio-setmanal-del-27-al-30-dabril\/\" title=\"Read PLANIFICACI\u00d3 SETMANAL (DEL 27 AL 30 D&#8217;ABRIL)\">Llegeix m\u00e9s\u00bb<\/a><\/p>\n","protected":false},"author":3,"featured_media":0,"comment_status":"closed","ping_status":"closed","sticky":false,"template":"","format":"standard","meta":{"_bbp_topic_count":0,"_bbp_reply_count":0,"_bbp_total_topic_count":0,"_bbp_total_reply_count":0,"_bbp_voice_count":0,"_bbp_anonymous_reply_count":0,"_bbp_topic_count_hidden":0,"_bbp_reply_count_hidden":0,"_bbp_forum_subforum_count":0,"footnotes":""},"categories":[1,28,4],"tags":[],"class_list":["post-3030","post","type-post","status-publish","format-standard","hentry","category-general","category-noticies-portada","category-portada"],"post_mailing_queue_ids":[],"_links":{"self":[{"href":"https:\/\/agora.xtec.cat\/ceipmarianao\/wp-json\/wp\/v2\/posts\/3030","targetHints":{"allow":["GET"]}}],"collection":[{"href":"https:\/\/agora.xtec.cat\/ceipmarianao\/wp-json\/wp\/v2\/posts"}],"about":[{"href":"https:\/\/agora.xtec.cat\/ceipmarianao\/wp-json\/wp\/v2\/types\/post"}],"author":[{"embeddable":true,"href":"https:\/\/agora.xtec.cat\/ceipmarianao\/wp-json\/wp\/v2\/users\/3"}],"replies":[{"embeddable":true,"href":"https:\/\/agora.xtec.cat\/ceipmarianao\/wp-json\/wp\/v2\/comments?post=3030"}],"version-history":[{"count":3,"href":"https:\/\/agora.xtec.cat\/ceipmarianao\/wp-json\/wp\/v2\/posts\/3030\/revisions"}],"predecessor-version":[{"id":3033,"href":"https:\/\/agora.xtec.cat\/ceipmarianao\/wp-json\/wp\/v2\/posts\/3030\/revisions\/3033"}],"wp:attachment":[{"href":"https:\/\/agora.xtec.cat\/ceipmarianao\/wp-json\/wp\/v2\/media?parent=3030"}],"wp:term":[{"taxonomy":"category","embeddable":true,"href":"https:\/\/agora.xtec.cat\/ceipmarianao\/wp-json\/wp\/v2\/categories?post=3030"},{"taxonomy":"post_tag","embeddable":true,"href":"https:\/\/agora.xtec.cat\/ceipmarianao\/wp-json\/wp\/v2\/tags?post=3030"}],"curies":[{"name":"wp","href":"https:\/\/api.w.org\/{rel}","templated":true}]}}