{"id":3012,"date":"2020-04-18T11:36:24","date_gmt":"2020-04-18T09:36:24","guid":{"rendered":"https:\/\/agora.xtec.cat\/ceipmarianao\/?p=3012"},"modified":"2020-05-05T20:45:07","modified_gmt":"2020-05-05T18:45:07","slug":"laventura-descriure-sant-jordi-2020","status":"publish","type":"post","link":"https:\/\/agora.xtec.cat\/ceipmarianao\/general\/laventura-descriure-sant-jordi-2020\/","title":{"rendered":"L&#8217;AVENTURA D&#8217;ESCRIURE (SANT JORDI 2020)"},"content":{"rendered":"<p style=\"text-align: justify;\">Molt\u00edssimes gr\u00e0cies per la\u00a0vostra participaci\u00f3 al concurs &#8220;L&#8217;aventura d&#8217;escriure&#8221;. Ens han agradat molt\u00edssim els vostres\u00a0treballs. Felicitats als 36 infants participants! El jurat de mestres de l&#8217;Escola Marianao els ha premiat amb un <a href=\"https:\/\/drive.google.com\/file\/d\/1nImVQi7VdV-5JeZnGJ70IBKXNc26yT5Q\/view?usp=sharing\">diploma personalitzat<\/a>.\u00a0Enhorabona, guanyadors! Aqu\u00ed us deixem un v\u00eddeo amb tots els treballs presentats! Recordeu que el concurs es va tancar ahir i que ja no podeu enviar m\u00e9s treballs perqu\u00e8\u00a0el correu ha deixat\u00a0d&#8217;estar actiu.<\/p>\n<p><a href=\"https:\/\/agora.xtec.cat\/ceipmarianao\/wp-content\/uploads\/usu17\/2020\/04\/Passos-a-seguir.png\"><img loading=\"lazy\" decoding=\"async\" class=\"wp-image-3014 alignleft\" src=\"https:\/\/agora.xtec.cat\/ceipmarianao\/wp-content\/uploads\/usu17\/2020\/04\/Passos-a-seguir-120x300.png\" alt=\"\" width=\"150\" height=\"375\" srcset=\"https:\/\/agora.xtec.cat\/ceipmarianao\/wp-content\/uploads\/usu17\/2020\/04\/Passos-a-seguir-120x300.png 120w, https:\/\/agora.xtec.cat\/ceipmarianao\/wp-content\/uploads\/usu17\/2020\/04\/Passos-a-seguir-768x1920.png 768w, https:\/\/agora.xtec.cat\/ceipmarianao\/wp-content\/uploads\/usu17\/2020\/04\/Passos-a-seguir-410x1024.png 410w, https:\/\/agora.xtec.cat\/ceipmarianao\/wp-content\/uploads\/usu17\/2020\/04\/Passos-a-seguir.png 800w\" sizes=\"auto, (max-width: 150px) 100vw, 150px\" \/><\/a><a href=\"https:\/\/agora.xtec.cat\/ceipmarianao\/wp-content\/uploads\/usu17\/2020\/04\/Bases-del-concurs.png\"><img loading=\"lazy\" decoding=\"async\" class=\"wp-image-3013 alignleft\" src=\"https:\/\/agora.xtec.cat\/ceipmarianao\/wp-content\/uploads\/usu17\/2020\/04\/Bases-del-concurs-120x300.png\" alt=\"\" width=\"150\" height=\"375\" srcset=\"https:\/\/agora.xtec.cat\/ceipmarianao\/wp-content\/uploads\/usu17\/2020\/04\/Bases-del-concurs-120x300.png 120w, https:\/\/agora.xtec.cat\/ceipmarianao\/wp-content\/uploads\/usu17\/2020\/04\/Bases-del-concurs-768x1920.png 768w, https:\/\/agora.xtec.cat\/ceipmarianao\/wp-content\/uploads\/usu17\/2020\/04\/Bases-del-concurs-410x1024.png 410w, https:\/\/agora.xtec.cat\/ceipmarianao\/wp-content\/uploads\/usu17\/2020\/04\/Bases-del-concurs.png 800w\" sizes=\"auto, (max-width: 150px) 100vw, 150px\" \/><\/a><\/p>\n<p style=\"text-align: justify;\">Com sabeu, dijous vinent, 23 d&#8217;abril,\u00a0\u00e9s Sant Jordi i, malauradament, no ho podrem celebrar, com ja era costum, tots junts a l&#8217;escola amb la setmana de la marat\u00f3 de contes, amb la paradeta de llibres i roses, amb el teatre d&#8217;angl\u00e8s&#8230;<\/p>\n<p style=\"text-align: justify;\">No volem deixar de celebrar-ho, tot i que sigui des de la dist\u00e0ncia, ja que per a nosaltres la lectura \u00e9s una activitat fonamental i m\u00e0gica, base de tot aprenentatge, que ens pot portar a llocs meravellosos.<\/p>\n<p style=\"text-align: justify;\">\u00c9s per aquest motiu que retem tots els nens i nenes de l&#8217;escola a participar a: <strong>&#8220;<a href=\"https:\/\/drive.google.com\/file\/d\/12GMBS0RNYqVEB6wFET3FLpgEj_uJWRGn\/view?usp=sharing\">L&#8217;aventura d&#8217;escriure<\/a>&#8220;<\/strong>, un concurs que hem pensat i organitzat expressament i exclusiva per a ells i elles, on tothom hi guanya.<\/p>\n<p style=\"text-align: justify;\">Teniu fins a divendres 24 d&#8217;abril per enviar els vostres treballs al correu: escolamarianaosantjordi2020@gmail.com<\/p>\n<p style=\"text-align: justify;\">Aqu\u00ed\u00a0us deixem\u00a0<a href=\"https:\/\/drive.google.com\/file\/d\/1X1IuSCC_EbSNtJKSTrQWDlsAiNR3bPqp\/view?usp=sharing\">lectures recomanades per a aquest Sant Jordi 2020<\/a> (Jaume Centelles) i <a href=\"https:\/\/drive.google.com\/file\/d\/16vxjIzhe-3PLjaIN0MdK-HYdsT8CrhV3\/view?usp=sharing\">el programa biblioteca escolar &#8220;puntedu&#8221;<\/a>, per si s\u00f3n del vostre inter\u00e8s.<\/p>\n","protected":false},"excerpt":{"rendered":"<p>Molt\u00edssimes gr\u00e0cies per la\u00a0vostra participaci\u00f3 al concurs &#8220;L&#8217;aventura d&#8217;escriure&#8221;. Ens han agradat molt\u00edssim els vostres\u00a0treballs. Felicitats als 36 infants participants! El jurat de mestres de l&#8217;Escola Marianao els ha premiat amb un <a href=\"https:\/\/drive.google.com\/file\/d\/1nImVQi7VdV-5JeZnGJ70IBKXNc26yT5Q\/view?usp=sharing\">diploma personalitzat<\/a>.\u00a0Enhorabona, guanyadors! Aqu\u00ed us deixem un v\u00eddeo amb tots els treballs&hellip;  <a href=\"https:\/\/agora.xtec.cat\/ceipmarianao\/general\/laventura-descriure-sant-jordi-2020\/\" title=\"Read L&#8217;AVENTURA D&#8217;ESCRIURE (SANT JORDI 2020)\">Llegeix m\u00e9s\u00bb<\/a><\/p>\n","protected":false},"author":3,"featured_media":0,"comment_status":"closed","ping_status":"closed","sticky":false,"template":"","format":"standard","meta":{"_bbp_topic_count":0,"_bbp_reply_count":0,"_bbp_total_topic_count":0,"_bbp_total_reply_count":0,"_bbp_voice_count":0,"_bbp_anonymous_reply_count":0,"_bbp_topic_count_hidden":0,"_bbp_reply_count_hidden":0,"_bbp_forum_subforum_count":0,"footnotes":""},"categories":[1,28,4],"tags":[],"class_list":["post-3012","post","type-post","status-publish","format-standard","hentry","category-general","category-noticies-portada","category-portada"],"post_mailing_queue_ids":[],"_links":{"self":[{"href":"https:\/\/agora.xtec.cat\/ceipmarianao\/wp-json\/wp\/v2\/posts\/3012","targetHints":{"allow":["GET"]}}],"collection":[{"href":"https:\/\/agora.xtec.cat\/ceipmarianao\/wp-json\/wp\/v2\/posts"}],"about":[{"href":"https:\/\/agora.xtec.cat\/ceipmarianao\/wp-json\/wp\/v2\/types\/post"}],"author":[{"embeddable":true,"href":"https:\/\/agora.xtec.cat\/ceipmarianao\/wp-json\/wp\/v2\/users\/3"}],"replies":[{"embeddable":true,"href":"https:\/\/agora.xtec.cat\/ceipmarianao\/wp-json\/wp\/v2\/comments?post=3012"}],"version-history":[{"count":5,"href":"https:\/\/agora.xtec.cat\/ceipmarianao\/wp-json\/wp\/v2\/posts\/3012\/revisions"}],"predecessor-version":[{"id":3056,"href":"https:\/\/agora.xtec.cat\/ceipmarianao\/wp-json\/wp\/v2\/posts\/3012\/revisions\/3056"}],"wp:attachment":[{"href":"https:\/\/agora.xtec.cat\/ceipmarianao\/wp-json\/wp\/v2\/media?parent=3012"}],"wp:term":[{"taxonomy":"category","embeddable":true,"href":"https:\/\/agora.xtec.cat\/ceipmarianao\/wp-json\/wp\/v2\/categories?post=3012"},{"taxonomy":"post_tag","embeddable":true,"href":"https:\/\/agora.xtec.cat\/ceipmarianao\/wp-json\/wp\/v2\/tags?post=3012"}],"curies":[{"name":"wp","href":"https:\/\/api.w.org\/{rel}","templated":true}]}}