{"id":2998,"date":"2020-04-17T13:32:31","date_gmt":"2020-04-17T11:32:31","guid":{"rendered":"https:\/\/agora.xtec.cat\/ceipmarianao\/?p=2998"},"modified":"2025-10-14T19:55:02","modified_gmt":"2025-10-14T17:55:02","slug":"videoconferencies","status":"publish","type":"post","link":"https:\/\/agora.xtec.cat\/ceipmarianao\/general\/videoconferencies\/","title":{"rendered":"VIDEOCONFER\u00c8NCIES"},"content":{"rendered":"<p style=\"text-align: justify;\">Aquesta setmana ens hem tornat a veure les cares, quina emoci\u00f3! A tots els i les mestres ens ha encantat l&#8217;experi\u00e8ncia, tot i que, evidentment, el que realment ens\u00a0agradaria seria tornar a estar tots junts a l&#8217;Escola. Almenys ens hem retrobat virtualment i hem compartit experi\u00e8ncies. Tamb\u00e9 hem aconseguit contactar i parlar amb totes les fam\u00edlies dels infants que, per diferents motius, no s\u2019hi van poder connectar i ara sabem que totes esteu b\u00e9! Els petits problemes t\u00e8cnics de c\u00e0mera i d&#8217;\u00e0udio no ens aturaran i cada cop ho farem millor. Aix\u00f2 s\u00ed, per a properes ocasions, \u00e9s molt important que siguem molt disciplinats, que ens connectem i\u00a0estem amb el\u00a0micro tancat i respectem el torn de paraula, nom\u00e9s aix\u00ed aconseguirem que les videoconfer\u00e8ncies\u00a0esdevinguin tot un \u00e8xit: mireu, mireu&#8230;<\/p>\n","protected":false},"excerpt":{"rendered":"<p>Aquesta setmana ens hem tornat a veure les cares, quina emoci\u00f3! A tots els i les mestres ens ha encantat l&#8217;experi\u00e8ncia, tot i que, evidentment, el que realment ens\u00a0agradaria seria tornar a estar tots junts a l&#8217;Escola. Almenys ens hem retrobat virtualment i hem compartit&hellip;  <a href=\"https:\/\/agora.xtec.cat\/ceipmarianao\/general\/videoconferencies\/\" title=\"Read VIDEOCONFER\u00c8NCIES\">Llegeix m\u00e9s\u00bb<\/a><\/p>\n","protected":false},"author":3,"featured_media":0,"comment_status":"closed","ping_status":"closed","sticky":false,"template":"","format":"standard","meta":{"_bbp_topic_count":0,"_bbp_reply_count":0,"_bbp_total_topic_count":0,"_bbp_total_reply_count":0,"_bbp_voice_count":0,"_bbp_anonymous_reply_count":0,"_bbp_topic_count_hidden":0,"_bbp_reply_count_hidden":0,"_bbp_forum_subforum_count":0,"footnotes":""},"categories":[1,28,4],"tags":[],"class_list":["post-2998","post","type-post","status-publish","format-standard","hentry","category-general","category-noticies-portada","category-portada"],"post_mailing_queue_ids":[],"_links":{"self":[{"href":"https:\/\/agora.xtec.cat\/ceipmarianao\/wp-json\/wp\/v2\/posts\/2998","targetHints":{"allow":["GET"]}}],"collection":[{"href":"https:\/\/agora.xtec.cat\/ceipmarianao\/wp-json\/wp\/v2\/posts"}],"about":[{"href":"https:\/\/agora.xtec.cat\/ceipmarianao\/wp-json\/wp\/v2\/types\/post"}],"author":[{"embeddable":true,"href":"https:\/\/agora.xtec.cat\/ceipmarianao\/wp-json\/wp\/v2\/users\/3"}],"replies":[{"embeddable":true,"href":"https:\/\/agora.xtec.cat\/ceipmarianao\/wp-json\/wp\/v2\/comments?post=2998"}],"version-history":[{"count":4,"href":"https:\/\/agora.xtec.cat\/ceipmarianao\/wp-json\/wp\/v2\/posts\/2998\/revisions"}],"predecessor-version":[{"id":5471,"href":"https:\/\/agora.xtec.cat\/ceipmarianao\/wp-json\/wp\/v2\/posts\/2998\/revisions\/5471"}],"wp:attachment":[{"href":"https:\/\/agora.xtec.cat\/ceipmarianao\/wp-json\/wp\/v2\/media?parent=2998"}],"wp:term":[{"taxonomy":"category","embeddable":true,"href":"https:\/\/agora.xtec.cat\/ceipmarianao\/wp-json\/wp\/v2\/categories?post=2998"},{"taxonomy":"post_tag","embeddable":true,"href":"https:\/\/agora.xtec.cat\/ceipmarianao\/wp-json\/wp\/v2\/tags?post=2998"}],"curies":[{"name":"wp","href":"https:\/\/api.w.org\/{rel}","templated":true}]}}