{"id":2975,"date":"2020-04-13T17:30:29","date_gmt":"2020-04-13T15:30:29","guid":{"rendered":"https:\/\/agora.xtec.cat\/ceipmarianao\/?p=2975"},"modified":"2020-04-13T22:18:52","modified_gmt":"2020-04-13T20:18:52","slug":"planificacio-setmanal-del-14-al-17-dabril","status":"publish","type":"post","link":"https:\/\/agora.xtec.cat\/ceipmarianao\/general\/planificacio-setmanal-del-14-al-17-dabril\/","title":{"rendered":"PLANIFICACI\u00d3 SETMANAL (DEL 14 AL 17 D&#8217;ABRIL)"},"content":{"rendered":"<p style=\"text-align: justify;\">Aqu\u00ed teniu la proposta de tasques i la distribuci\u00f3 di\u00e0ria d\u2019aquesta setmana. La nostra intenci\u00f3 \u00e9s que els i les nostres peques no perdin els h\u00e0bits de treball i estudi.<\/p>\n<p style=\"text-align: justify;\">Cal que recordeu que el m\u00e9s important \u00e9s que els infants estiguin b\u00e9 emocionalment, aix\u00ed que ja sabeu que, si no poden fer totes les tasques, les fan en un altre ordre o les adapten a les vostres possibilitats i\/o situaci\u00f3, no us heu d\u2019angoixar.<\/p>\n<p style=\"text-align: justify;\">Com veureu, la gran novetat recau que durant aquest 3r trimestre se&#8217;ns demana que els infants tinguin retorn, per part dels i de les mestres, de les activitats que fan. D\u2019aquesta manera ens ser\u00e0 tamb\u00e9 possible avaluar-los formativament, explicant-los all\u00f2 que no entenguin o fent-los saber si han de modificar o no alguna de les activitats que han fet i com. <strong>\u00c9s per aquest motiu que \u00e9s molt important que envieu totes les evid\u00e8ncies (fotos, v\u00eddeos, documents\u2026) que se us demanen a les adreces de correu electr\u00f2nic que se us indiquen o, en el cas dels nens i nenes de Cicle Superior, a trav\u00e9s de la plataforma virtual Edmodo.<\/strong> Les podreu enviar cada dia o enviar-les totes alhora en acabar la setmana (aneu amb compte perqu\u00e8 no totes s\u2019han d\u2019enviar a la mateixa adre\u00e7a de correu electr\u00f2nic).<\/p>\n<p style=\"text-align: justify;\">Una nova iniciativa que endeguem aquest 3r trimestre s\u00f3n <strong>LES VIDEOCONFER\u00c8NCIES<\/strong>, ja que tenim molt\u00edssimes ganes de veure\u2019ns les cares! Les farem amb l\u2019aplicaci\u00f3 JITSI MEET. \u00c9s molt senzilla de fer servir: nom\u00e9s cal descarregar-se-la si el dispositiu que es far\u00e0 servir es un tel\u00e8fon m\u00f2bil. En el cas que es faci servir un ordinador i\/o tauleta no cal ni descarregar-se-la, nom\u00e9s caldr\u00e0 clicar a l\u2019enlla\u00e7, el dia i hora programats, i ja hi podreu accedir (estaria b\u00e9 que us connect\u00e9ssiu abans per comprovar que funciona correctament i que el navegador que feu servir est\u00e0 actualitzat i no us d\u00f3na problemes). Us demanem que, en la mesura del possible, ajudeu\u00a0 tots els nens i nenes a connectar-s\u2019hi. Ser\u00e0 una oportunitat maqu\u00edssima per tornar a estar, des de la dist\u00e0ncia i virtualment, tots junts!<\/p>\n<p style=\"text-align: center;\"><a href=\"https:\/\/drive.google.com\/file\/d\/162pcug99E3zpvy1EDGR6K9fTvXicUBKI\/view?usp=sharing\">P3<\/a>\u00a0\u00a0\u00a0\u00a0\u00a0\u00a0\u00a0\u00a0\u00a0\u00a0\u00a0\u00a0\u00a0\u00a0\u00a0\u00a0\u00a0\u00a0\u00a0\u00a0\u00a0\u00a0\u00a0\u00a0\u00a0\u00a0\u00a0\u00a0\u00a0\u00a0\u00a0 <a href=\"https:\/\/drive.google.com\/file\/d\/1JFbH2YdFJa8HmJkh3tgzaxbswzFJ41-0\/view?usp=sharing\">1r<\/a>\u00a0\u00a0\u00a0\u00a0\u00a0\u00a0\u00a0\u00a0\u00a0\u00a0\u00a0\u00a0\u00a0\u00a0\u00a0\u00a0\u00a0\u00a0\u00a0\u00a0\u00a0\u00a0\u00a0\u00a0\u00a0\u00a0\u00a0\u00a0\u00a0 <a href=\"https:\/\/drive.google.com\/file\/d\/1yrY5vGrz8urRN4E0T_bPFCtdwf9rnSWt\/view?usp=sharing\">4t<\/a><\/p>\n<p style=\"text-align: center;\"><a href=\"https:\/\/drive.google.com\/file\/d\/1MkJ-EyzTF1_j1MAiUyh9ZYbm5OQkwSPv\/view?usp=sharing\">P4<\/a>\u00a0\u00a0\u00a0\u00a0\u00a0\u00a0\u00a0\u00a0\u00a0\u00a0\u00a0\u00a0\u00a0\u00a0\u00a0\u00a0\u00a0\u00a0\u00a0\u00a0\u00a0\u00a0\u00a0\u00a0\u00a0\u00a0\u00a0\u00a0\u00a0\u00a0\u00a0 <a href=\"https:\/\/drive.google.com\/file\/d\/1rd1OwETmUCPc94gX1KWBbQ8K5me25BtC\/view?usp=sharing\">2n<\/a>\u00a0\u00a0\u00a0\u00a0\u00a0\u00a0\u00a0\u00a0\u00a0\u00a0\u00a0\u00a0\u00a0\u00a0\u00a0\u00a0\u00a0\u00a0\u00a0\u00a0\u00a0\u00a0\u00a0\u00a0\u00a0\u00a0\u00a0\u00a0 <a href=\"https:\/\/drive.google.com\/file\/d\/1NCcL2Ah6N5Jhrav9mWUeBZNGFAiXjOwB\/view?usp=sharing\">5\u00e8<\/a><\/p>\n<p style=\"text-align: center;\"><a href=\"https:\/\/drive.google.com\/file\/d\/16nbgACqhWrN9lIYnr-5Vuket8jf_aLjF\/view?usp=sharing\">P5A<\/a> i <a href=\"https:\/\/drive.google.com\/file\/d\/1evuduB8EVxwDSZHulfcgky_kHKibQCGm\/view?usp=sharing\">P5B<\/a>\u00a0\u00a0\u00a0\u00a0\u00a0\u00a0\u00a0\u00a0\u00a0\u00a0\u00a0\u00a0\u00a0\u00a0\u00a0\u00a0\u00a0\u00a0\u00a0 <a href=\"https:\/\/drive.google.com\/file\/d\/1AYVT_YLEgPAun117i156DQQZZTYjUxfG\/view?usp=sharing\">3r<\/a>\u00a0\u00a0\u00a0\u00a0\u00a0\u00a0\u00a0\u00a0\u00a0\u00a0\u00a0\u00a0\u00a0\u00a0\u00a0\u00a0\u00a0\u00a0\u00a0\u00a0\u00a0\u00a0\u00a0\u00a0\u00a0\u00a0\u00a0\u00a0\u00a0<a href=\"https:\/\/drive.google.com\/file\/d\/1XZFDNWYVq0zRyjo5acUkWk4nzOwaNbvT\/view?usp=sharing\"> 6\u00e8<\/a><\/p>\n","protected":false},"excerpt":{"rendered":"<p>Aqu\u00ed teniu la proposta de tasques i la distribuci\u00f3 di\u00e0ria d\u2019aquesta setmana. La nostra intenci\u00f3 \u00e9s que els i les nostres peques no perdin els h\u00e0bits de treball i estudi.<br \/>\nCal que recordeu que el m\u00e9s important \u00e9s que els infants estiguin b\u00e9 emocionalment, aix\u00ed que&hellip;  <a href=\"https:\/\/agora.xtec.cat\/ceipmarianao\/general\/planificacio-setmanal-del-14-al-17-dabril\/\" title=\"Read PLANIFICACI\u00d3 SETMANAL (DEL 14 AL 17 D&#8217;ABRIL)\">Llegeix m\u00e9s\u00bb<\/a><\/p>\n","protected":false},"author":3,"featured_media":0,"comment_status":"closed","ping_status":"closed","sticky":false,"template":"","format":"standard","meta":{"_bbp_topic_count":0,"_bbp_reply_count":0,"_bbp_total_topic_count":0,"_bbp_total_reply_count":0,"_bbp_voice_count":0,"_bbp_anonymous_reply_count":0,"_bbp_topic_count_hidden":0,"_bbp_reply_count_hidden":0,"_bbp_forum_subforum_count":0,"footnotes":""},"categories":[1,28,4],"tags":[],"class_list":["post-2975","post","type-post","status-publish","format-standard","hentry","category-general","category-noticies-portada","category-portada"],"post_mailing_queue_ids":[],"_links":{"self":[{"href":"https:\/\/agora.xtec.cat\/ceipmarianao\/wp-json\/wp\/v2\/posts\/2975","targetHints":{"allow":["GET"]}}],"collection":[{"href":"https:\/\/agora.xtec.cat\/ceipmarianao\/wp-json\/wp\/v2\/posts"}],"about":[{"href":"https:\/\/agora.xtec.cat\/ceipmarianao\/wp-json\/wp\/v2\/types\/post"}],"author":[{"embeddable":true,"href":"https:\/\/agora.xtec.cat\/ceipmarianao\/wp-json\/wp\/v2\/users\/3"}],"replies":[{"embeddable":true,"href":"https:\/\/agora.xtec.cat\/ceipmarianao\/wp-json\/wp\/v2\/comments?post=2975"}],"version-history":[{"count":3,"href":"https:\/\/agora.xtec.cat\/ceipmarianao\/wp-json\/wp\/v2\/posts\/2975\/revisions"}],"predecessor-version":[{"id":2997,"href":"https:\/\/agora.xtec.cat\/ceipmarianao\/wp-json\/wp\/v2\/posts\/2975\/revisions\/2997"}],"wp:attachment":[{"href":"https:\/\/agora.xtec.cat\/ceipmarianao\/wp-json\/wp\/v2\/media?parent=2975"}],"wp:term":[{"taxonomy":"category","embeddable":true,"href":"https:\/\/agora.xtec.cat\/ceipmarianao\/wp-json\/wp\/v2\/categories?post=2975"},{"taxonomy":"post_tag","embeddable":true,"href":"https:\/\/agora.xtec.cat\/ceipmarianao\/wp-json\/wp\/v2\/tags?post=2975"}],"curies":[{"name":"wp","href":"https:\/\/api.w.org\/{rel}","templated":true}]}}