{"id":2953,"date":"2020-04-03T18:22:27","date_gmt":"2020-04-03T16:22:27","guid":{"rendered":"https:\/\/agora.xtec.cat\/ceipmarianao\/?p=2953"},"modified":"2020-04-13T20:48:44","modified_gmt":"2020-04-13T18:48:44","slug":"bones-vacances-de-setmana-santa","status":"publish","type":"post","link":"https:\/\/agora.xtec.cat\/ceipmarianao\/general\/bones-vacances-de-setmana-santa\/","title":{"rendered":"BONES VACANCES DE SETMANA SANTA!"},"content":{"rendered":"<p style=\"text-align: justify;\">El segon trimestre ha acabat&#8230; Prova superada!<\/p>\n<p style=\"text-align: justify;\">Us agra\u00efm molt\u00edssim tot l\u2019esfor\u00e7 que esteu fent i us desitgem el millor!!! Aqu\u00ed us deixem aquest v\u00eddeo que esperem que us agradi molt i que animi els i les nostres peques i,\u00a0sobretot, que\u00a0els recordi com els trobem a faltar. Tamb\u00e9 compartim amb vosaltres una llista de coses que us\u00a0proposem fer.<\/p>\n<p style=\"text-align: justify;\">Una forta abra\u00e7ada i molt bones vacances. Cuideu-vos i intenteu gaudir, tot i que estigueu confinats a casa&#8230; I no oblideu que:<\/p>\n<p style=\"text-align: justify;\">JUNTS TOT \u00c9S POSSIBLE!<\/p>\n<p><iframe loading=\"lazy\" src=\"\/\/www.youtube.com\/embed\/zZ8bcYa6SDg?controls=0\" width=\"560\" height=\"315\" frameborder=\"0\"><\/iframe><\/p>\n<p><a href=\"https:\/\/agora.xtec.cat\/ceipmarianao\/wp-content\/uploads\/usu17\/2020\/04\/vacances.png\"><img loading=\"lazy\" decoding=\"async\" class=\"alignnone size-full wp-image-2971\" src=\"https:\/\/agora.xtec.cat\/ceipmarianao\/wp-content\/uploads\/usu17\/2020\/04\/vacances.png\" alt=\"\" width=\"339\" height=\"486\" srcset=\"https:\/\/agora.xtec.cat\/ceipmarianao\/wp-content\/uploads\/usu17\/2020\/04\/vacances.png 339w, https:\/\/agora.xtec.cat\/ceipmarianao\/wp-content\/uploads\/usu17\/2020\/04\/vacances-209x300.png 209w\" sizes=\"auto, (max-width: 339px) 100vw, 339px\" \/><\/a><\/p>\n","protected":false},"excerpt":{"rendered":"<p>El segon trimestre ha acabat&#8230; Prova superada!<br \/>\nUs agra\u00efm molt\u00edssim tot l\u2019esfor\u00e7 que esteu fent i us desitgem el millor!!! Aqu\u00ed us deixem aquest v\u00eddeo que esperem que us agradi molt i que animi els i les nostres peques i,\u00a0sobretot, que\u00a0els recordi com els trobem a&hellip;  <a href=\"https:\/\/agora.xtec.cat\/ceipmarianao\/general\/bones-vacances-de-setmana-santa\/\" title=\"Read BONES VACANCES DE SETMANA SANTA!\">Llegeix m\u00e9s\u00bb<\/a><\/p>\n","protected":false},"author":1,"featured_media":2967,"comment_status":"closed","ping_status":"closed","sticky":false,"template":"","format":"standard","meta":{"_bbp_topic_count":0,"_bbp_reply_count":0,"_bbp_total_topic_count":0,"_bbp_total_reply_count":0,"_bbp_voice_count":0,"_bbp_anonymous_reply_count":0,"_bbp_topic_count_hidden":0,"_bbp_reply_count_hidden":0,"_bbp_forum_subforum_count":0,"footnotes":""},"categories":[1,28,4],"tags":[],"class_list":["post-2953","post","type-post","status-publish","format-standard","has-post-thumbnail","hentry","category-general","category-noticies-portada","category-portada"],"post_mailing_queue_ids":[],"_links":{"self":[{"href":"https:\/\/agora.xtec.cat\/ceipmarianao\/wp-json\/wp\/v2\/posts\/2953","targetHints":{"allow":["GET"]}}],"collection":[{"href":"https:\/\/agora.xtec.cat\/ceipmarianao\/wp-json\/wp\/v2\/posts"}],"about":[{"href":"https:\/\/agora.xtec.cat\/ceipmarianao\/wp-json\/wp\/v2\/types\/post"}],"author":[{"embeddable":true,"href":"https:\/\/agora.xtec.cat\/ceipmarianao\/wp-json\/wp\/v2\/users\/1"}],"replies":[{"embeddable":true,"href":"https:\/\/agora.xtec.cat\/ceipmarianao\/wp-json\/wp\/v2\/comments?post=2953"}],"version-history":[{"count":4,"href":"https:\/\/agora.xtec.cat\/ceipmarianao\/wp-json\/wp\/v2\/posts\/2953\/revisions"}],"predecessor-version":[{"id":2972,"href":"https:\/\/agora.xtec.cat\/ceipmarianao\/wp-json\/wp\/v2\/posts\/2953\/revisions\/2972"}],"wp:featuredmedia":[{"embeddable":true,"href":"https:\/\/agora.xtec.cat\/ceipmarianao\/wp-json\/wp\/v2\/media\/2967"}],"wp:attachment":[{"href":"https:\/\/agora.xtec.cat\/ceipmarianao\/wp-json\/wp\/v2\/media?parent=2953"}],"wp:term":[{"taxonomy":"category","embeddable":true,"href":"https:\/\/agora.xtec.cat\/ceipmarianao\/wp-json\/wp\/v2\/categories?post=2953"},{"taxonomy":"post_tag","embeddable":true,"href":"https:\/\/agora.xtec.cat\/ceipmarianao\/wp-json\/wp\/v2\/tags?post=2953"}],"curies":[{"name":"wp","href":"https:\/\/api.w.org\/{rel}","templated":true}]}}