{"id":2911,"date":"2020-03-27T17:59:52","date_gmt":"2020-03-27T16:59:52","guid":{"rendered":"https:\/\/agora.xtec.cat\/ceipmarianao\/?p=2911"},"modified":"2020-03-30T00:38:36","modified_gmt":"2020-03-29T22:38:36","slug":"planificacio-setmanal-del-30-de-marc-al-3-dabril","status":"publish","type":"post","link":"https:\/\/agora.xtec.cat\/ceipmarianao\/general\/planificacio-setmanal-del-30-de-marc-al-3-dabril\/","title":{"rendered":"PLANIFICACI\u00d3 SETMANAL (DEL 30 DE MAR\u00c7 AL 3 D\u2019ABRIL)"},"content":{"rendered":"<div dir=\"auto\" style=\"text-align: justify;\">\n<p style=\"text-align: justify;\">Aqu\u00ed us deixem una planificaci\u00f3\u00a0setmanal, per grup-classe, amb les feines que proposem\u00a0que els vostres fills i filles\u00a0facin cada dia de cada \u00e0rea, amb el vostre inestimable ajut. Els infants de 5\u00e8 i 6\u00e8, a m\u00e9s, les continuaran rebent di\u00e0riament a trav\u00e9s de l\u2019Edmodo.<\/p>\n<p style=\"text-align: justify;\">Us recordem que s\u00f3n idees i recomanacions, coordinades entre tot l&#8217;equip docent,\u00a0que us fem arribar seguint les Orientacions del Departament d&#8217;Educaci\u00f3, perqu\u00e8 pensem que \u00e9s molt important que els nens i nenes tinguin una rutina di\u00e0ria clara que els permeti no desvincular-se de l&#8217;escola. En cap cas serveixen ni per avan\u00e7ar mat\u00e8ria ni seran avaluables qualitativament, tot i que s\u00ed que se us far\u00e0 un retorn d&#8217;algunes d&#8217;elles\u00a0perqu\u00e8 els infants li trobin el sentit a fer-les. Si no les podeu fer totes, o les feu adaptades a la situaci\u00f3 o possibilitats de cada llar, no us angoixeu, no passa res, segur que aquests dies esteu fent moltes altres activitats amb les que tamb\u00e9 estan aprenent molt\u00edssim!<\/p>\n<p>Sabem que\u00a0ja els vam posar feina (article: <a href=\"https:\/\/agora.xtec.cat\/ceipmarianao\/general\/activitats-per-a-lalumnat\/\">activitats per a l\u2019alumnat<\/a>), per\u00f2 estava prevista per a un parell de setmanes. Com aquesta situaci\u00f3\u00a0s&#8217;allarga hem pensat que aquest cop us especificar\u00edem m\u00e9s qu\u00e8, quan i com fer-ho per establir aix\u00ed aquesta rutina di\u00e0ria que us faciliti l&#8217;organitzaci\u00f3 de les tasques proposades.<\/p>\n<\/div>\n<div dir=\"auto\" style=\"text-align: justify;\">\n<p>Recordeu que per als que us agrada treballar i fer m\u00e9s coses teniu un munt de recursos disponibles a l\u2019article: <a href=\"https:\/\/agora.xtec.cat\/ceipmarianao\/general\/joemquedoacasa\/\">#joemquedoacasa<\/a>, amb els que gaudireu molt\u00edssim.<\/p>\n<p>Seran unes setmanes diferents, per\u00f2 entre tots i totes aconseguirem que els nostres infants se sentin b\u00e9, se sentin tranquils i tranquil\u00b7les i gaudeixin del temps en fam\u00edlia, que \u00e9s el que ara m\u00e9s ens preocupa.<\/p>\n<p style=\"text-align: center;\"><a href=\"https:\/\/drive.google.com\/file\/d\/1laABH2xl80qu8p1PDv9p7yxpBRzSTxax\/view?usp=sharing\">P3<\/a> \u00a0 \u00a0 \u00a0 \u00a0 \u00a0 \u00a0 \u00a0 \u00a0 \u00a0 <a href=\"https:\/\/drive.google.com\/file\/d\/1DRDnW0Y5TntP5KqPr83eI-tmdZHZF8iV\/view?usp=sharing\">1r<\/a> \u00a0 \u00a0 \u00a0 \u00a0 \u00a0 \u00a0 \u00a0 \u00a0 \u00a0 \u00a0<a href=\"https:\/\/drive.google.com\/file\/d\/1vfZHtKfsqzX6UDKFZ4OsMzjR0KEzx8n8\/view?usp=sharing\">4t<\/a><\/p>\n<p style=\"text-align: center;\"><a href=\"https:\/\/drive.google.com\/file\/d\/1IbNzy2Qk1_49N0zNRrBUmR3XbwQ3mOh0\/view?usp=sharing\">P4<\/a> \u00a0 \u00a0 \u00a0 \u00a0 \u00a0 \u00a0 \u00a0 \u00a0 \u00a0 <a href=\"https:\/\/drive.google.com\/file\/d\/1hsYdk7QLzUUa6tKQo3Ul4_yj84iLKzwn\/view?usp=sharing\">2n<\/a> \u00a0 \u00a0 \u00a0 \u00a0 \u00a0 \u00a0 \u00a0 \u00a0 \u00a0 <a href=\"https:\/\/drive.google.com\/file\/d\/1dUNXjUk1zCPJzWwfZHnTssnMNoJGzKWb\/view?usp=sharing\">5\u00e8<\/a><\/p>\n<p style=\"text-align: center;\"><a href=\"https:\/\/drive.google.com\/file\/d\/1jhJQ0pDJwz1Fm57y0_9RxRh0v0PRp0wn\/view?usp=sharing\">P5A<\/a> \u00a0 <a href=\"https:\/\/drive.google.com\/file\/d\/18Jyq3fC5dI9cKcGPgFwEJqv89EPa1FwS\/view?usp=sharing\">P5B<\/a> \u00a0 \u00a0 \u00a0 <a href=\"https:\/\/drive.google.com\/file\/d\/1UTcUrOQCCjmaCepLLDeLgUgJvRc5Sq4B\/view?usp=sharing\">3r <\/a>\u00a0 \u00a0 \u00a0 \u00a0 \u00a0 \u00a0 \u00a0 \u00a0 \u00a0 \u00a0<a href=\"https:\/\/drive.google.com\/file\/d\/1hBlJwKwegJ_jOv3p8EauWn31t4BnSR-z\/view?usp=sharing\">6\u00e8<\/a><\/p>\n<\/div>\n","protected":false},"excerpt":{"rendered":"<p>Aqu\u00ed us deixem una planificaci\u00f3\u00a0setmanal, per grup-classe, amb les feines que proposem\u00a0que els vostres fills i filles\u00a0facin cada dia de cada \u00e0rea, amb el vostre inestimable ajut. Els infants de 5\u00e8 i 6\u00e8, a m\u00e9s, les continuaran rebent di\u00e0riament a trav\u00e9s de l\u2019Edmodo.<br \/>\nUs recordem que&hellip;  <a href=\"https:\/\/agora.xtec.cat\/ceipmarianao\/general\/planificacio-setmanal-del-30-de-marc-al-3-dabril\/\" title=\"Read PLANIFICACI\u00d3 SETMANAL (DEL 30 DE MAR\u00c7 AL 3 D\u2019ABRIL)\">Llegeix m\u00e9s\u00bb<\/a><\/p>\n","protected":false},"author":3,"featured_media":0,"comment_status":"closed","ping_status":"closed","sticky":false,"template":"","format":"standard","meta":{"_bbp_topic_count":0,"_bbp_reply_count":0,"_bbp_total_topic_count":0,"_bbp_total_reply_count":0,"_bbp_voice_count":0,"_bbp_anonymous_reply_count":0,"_bbp_topic_count_hidden":0,"_bbp_reply_count_hidden":0,"_bbp_forum_subforum_count":0,"footnotes":""},"categories":[1,28,4],"tags":[],"class_list":["post-2911","post","type-post","status-publish","format-standard","hentry","category-general","category-noticies-portada","category-portada"],"post_mailing_queue_ids":[],"_links":{"self":[{"href":"https:\/\/agora.xtec.cat\/ceipmarianao\/wp-json\/wp\/v2\/posts\/2911","targetHints":{"allow":["GET"]}}],"collection":[{"href":"https:\/\/agora.xtec.cat\/ceipmarianao\/wp-json\/wp\/v2\/posts"}],"about":[{"href":"https:\/\/agora.xtec.cat\/ceipmarianao\/wp-json\/wp\/v2\/types\/post"}],"author":[{"embeddable":true,"href":"https:\/\/agora.xtec.cat\/ceipmarianao\/wp-json\/wp\/v2\/users\/3"}],"replies":[{"embeddable":true,"href":"https:\/\/agora.xtec.cat\/ceipmarianao\/wp-json\/wp\/v2\/comments?post=2911"}],"version-history":[{"count":4,"href":"https:\/\/agora.xtec.cat\/ceipmarianao\/wp-json\/wp\/v2\/posts\/2911\/revisions"}],"predecessor-version":[{"id":2928,"href":"https:\/\/agora.xtec.cat\/ceipmarianao\/wp-json\/wp\/v2\/posts\/2911\/revisions\/2928"}],"wp:attachment":[{"href":"https:\/\/agora.xtec.cat\/ceipmarianao\/wp-json\/wp\/v2\/media?parent=2911"}],"wp:term":[{"taxonomy":"category","embeddable":true,"href":"https:\/\/agora.xtec.cat\/ceipmarianao\/wp-json\/wp\/v2\/categories?post=2911"},{"taxonomy":"post_tag","embeddable":true,"href":"https:\/\/agora.xtec.cat\/ceipmarianao\/wp-json\/wp\/v2\/tags?post=2911"}],"curies":[{"name":"wp","href":"https:\/\/api.w.org\/{rel}","templated":true}]}}