{"id":2794,"date":"2020-03-21T17:39:48","date_gmt":"2020-03-21T16:39:48","guid":{"rendered":"https:\/\/agora.xtec.cat\/ceipmarianao\/?p=2794"},"modified":"2020-07-20T11:40:37","modified_gmt":"2020-07-20T09:40:37","slug":"preinscripcio-curs-2020-2021","status":"publish","type":"post","link":"https:\/\/agora.xtec.cat\/ceipmarianao\/general\/preinscripcio-curs-2020-2021\/","title":{"rendered":"PREINSCRIPCI\u00d3 CURS 2020-2021"},"content":{"rendered":"<p><a href=\"https:\/\/agora.xtec.cat\/ceipmarianao\/wp-content\/uploads\/usu17\/2020\/02\/Tr\u00edptic.png\"><img loading=\"lazy\" decoding=\"async\" class=\"aligncenter\" src=\"https:\/\/agora.xtec.cat\/ceipmarianao\/wp-content\/uploads\/usu17\/2020\/02\/Tr\u00edptic-300x212.png\" alt=\"\" width=\"324\" height=\"229\" \/><\/a><\/p>\n<p><a href=\"https:\/\/agora.xtec.cat\/ceipmarianao\/wp-content\/uploads\/usu17\/2020\/02\/Tr\u00edptic2.png\"><img loading=\"lazy\" decoding=\"async\" class=\"aligncenter wp-image-2714\" src=\"https:\/\/agora.xtec.cat\/ceipmarianao\/wp-content\/uploads\/usu17\/2020\/02\/Tr\u00edptic2-300x213.png\" alt=\"\" width=\"324\" height=\"230\" srcset=\"https:\/\/agora.xtec.cat\/ceipmarianao\/wp-content\/uploads\/usu17\/2020\/02\/Tr\u00edptic2-300x213.png 300w, https:\/\/agora.xtec.cat\/ceipmarianao\/wp-content\/uploads\/usu17\/2020\/02\/Tr\u00edptic2-768x544.png 768w, https:\/\/agora.xtec.cat\/ceipmarianao\/wp-content\/uploads\/usu17\/2020\/02\/Tr\u00edptic2-1024x726.png 1024w, https:\/\/agora.xtec.cat\/ceipmarianao\/wp-content\/uploads\/usu17\/2020\/02\/Tr\u00edptic2.png 1044w\" sizes=\"auto, (max-width: 324px) 100vw, 324px\" \/><\/a><\/p>\n<p style=\"text-align: justify;\">S&#8217;ha publicat la <a href=\"https:\/\/drive.google.com\/file\/d\/1RnOQMvqEWlmoT__PenxFIEkJgZnAKdze\/view?usp=sharing\">Resoluci\u00f3 EDU\/977\/2020<\/a>, de 8 de maig, per la qual s&#8217;actualitza el procediment i es modifica la Resoluci\u00f3 EDU\/576\/2020, de 28 de febrer, per la qual s&#8217;aproven les normes de preinscripci\u00f3 i matr\u00edcula d&#8217;alumnes als centres del Servei d&#8217;Educaci\u00f3 de Catalunya i altres centres educatius, en els diversos ensenyaments sostinguts amb fons p\u00fablics, per al curs 2020-2021. A mesura que es vagin publicant novetats anirem actualitzant i complementant aquesta informaci\u00f3.<\/p>\n<p style=\"text-align: center;\"><a href=\"https:\/\/agora.xtec.cat\/ceipmarianao\/wp-content\/uploads\/usu17\/2020\/03\/Calendari-preinscripci\u00f3.png\"><img loading=\"lazy\" decoding=\"async\" class=\"aligncenter wp-image-3102\" src=\"https:\/\/agora.xtec.cat\/ceipmarianao\/wp-content\/uploads\/usu17\/2020\/03\/Calendari-preinscripci\u00f3-300x256.png\" alt=\"\" width=\"354\" height=\"302\" srcset=\"https:\/\/agora.xtec.cat\/ceipmarianao\/wp-content\/uploads\/usu17\/2020\/03\/Calendari-preinscripci\u00f3-300x256.png 300w, https:\/\/agora.xtec.cat\/ceipmarianao\/wp-content\/uploads\/usu17\/2020\/03\/Calendari-preinscripci\u00f3.png 540w\" sizes=\"auto, (max-width: 354px) 100vw, 354px\" \/><\/a><\/p>\n<p style=\"text-align: justify;\">Per a m\u00e9s informaci\u00f3 sobre el proc\u00e9s de preinscripci\u00f3 i matr\u00edcula podeu consultar el web <a href=\"http:\/\/queestudiar.gencat.cat\/ca\/preinscripcio\/\">Educar a Catalunya<\/a>.<\/p>\n<p style=\"text-align: justify;\"><a href=\"https:\/\/drive.google.com\/file\/d\/1r0EuLODWoxf6F3YaJV2wZoWpWoAfHHXW\/view?usp=sharing\">Aqu\u00ed<\/a> podeu consultar <strong>la publicaci\u00f3 de l&#8217;oferta final de places<\/strong> per al curs vinent i <a href=\"http:\/\/queestudiar.gencat.cat\/ca\/preinscripcio\/estudis\/obligatoris\/calendari\/\">aqu\u00ed<\/a> <strong>el calendari del proc\u00e9s de preinscripci\u00f3 i matr\u00edcula<\/strong>.<\/p>\n<p style=\"text-align: justify;\"><a href=\"https:\/\/drive.google.com\/file\/d\/1ir34dweP_Hp158NlOJk6KQAYnm9Uu08t\/view?usp=sharing\">Aqu\u00ed<\/a> podeu consultar la llista d&#8217;admesos anonimitzada i <a href=\"https:\/\/drive.google.com\/file\/d\/1PI_5DyyABrcWqOYvnLhuD6lyOgmWecOq\/view?usp=sharing\">aqu\u00ed<\/a> la llista d&#8217;espera. Les fam\u00edlies dels infants assignats al nostre centre haureu de contactar amb nosaltres, telef\u00f2nicament al n\u00famero 936401163, al llarg de la setmana, de 9 h a 13 h, per a demanar dia i hora per a la matr\u00edcula. Haureu de portar, si no ho vau fer a la preinscripci\u00f3:<\/p>\n<p style=\"text-align: justify;\">&#8211; Original i fotoc\u00f2pia del llibre de vacunes.<\/p>\n<p style=\"text-align: justify;\">&#8211; Original i fotoc\u00f2pia de la targeta sanit\u00e0ria del nen o nena.<\/p>\n<p style=\"text-align: justify;\">&#8211; Una fotografia mida carnet (infants de P3, P4 i P5).<\/p>\n<p style=\"text-align: justify;\">&#8211; N\u00famero de compte bancari on voleu que se us cobri la quota de material escolar.<\/p>\n<p style=\"text-align: justify;\"><strong>Recomanem que vingui una sola persona a formalitzar la matr\u00edcula. Haur\u00e0 de portar obligat\u00f2riament mascareta i hi haur\u00e0 d&#8217;accedir per la porta del C. Xiprers, 15 (acc\u00e9s principal al centre). En cap cas no es podr\u00e0 fer una visita del centre i s&#8217;hi romandr\u00e0 el temps indispensable per a formalitzar la matr\u00edcula.<\/strong><\/p>\n","protected":false},"excerpt":{"rendered":"<p><a href=\"https:\/\/agora.xtec.cat\/ceipmarianao\/wp-content\/uploads\/usu17\/2020\/02\/Tr\u00edptic.png\"><\/a><br \/>\n<a href=\"https:\/\/agora.xtec.cat\/ceipmarianao\/wp-content\/uploads\/usu17\/2020\/02\/Tr\u00edptic2.png\"><\/a><br \/>\nS&#8217;ha publicat la <a href=\"https:\/\/drive.google.com\/file\/d\/1RnOQMvqEWlmoT__PenxFIEkJgZnAKdze\/view?usp=sharing\">Resoluci\u00f3 EDU\/977\/2020<\/a>, de 8 de maig, per la qual s&#8217;actualitza el procediment i es modifica la Resoluci\u00f3 EDU\/576\/2020, de 28 de febrer, per la qual s&#8217;aproven les normes de preinscripci\u00f3 i matr\u00edcula d&#8217;alumnes als centres del Servei d&#8217;Educaci\u00f3 de&hellip;  <a href=\"https:\/\/agora.xtec.cat\/ceipmarianao\/general\/preinscripcio-curs-2020-2021\/\" title=\"Read PREINSCRIPCI\u00d3 CURS 2020-2021\">Llegeix m\u00e9s\u00bb<\/a><\/p>\n","protected":false},"author":3,"featured_media":0,"comment_status":"closed","ping_status":"closed","sticky":false,"template":"","format":"standard","meta":{"_bbp_topic_count":0,"_bbp_reply_count":0,"_bbp_total_topic_count":0,"_bbp_total_reply_count":0,"_bbp_voice_count":0,"_bbp_anonymous_reply_count":0,"_bbp_topic_count_hidden":0,"_bbp_reply_count_hidden":0,"_bbp_forum_subforum_count":0,"footnotes":""},"categories":[1,28,4],"tags":[],"class_list":["post-2794","post","type-post","status-publish","format-standard","hentry","category-general","category-noticies-portada","category-portada"],"post_mailing_queue_ids":[],"_links":{"self":[{"href":"https:\/\/agora.xtec.cat\/ceipmarianao\/wp-json\/wp\/v2\/posts\/2794","targetHints":{"allow":["GET"]}}],"collection":[{"href":"https:\/\/agora.xtec.cat\/ceipmarianao\/wp-json\/wp\/v2\/posts"}],"about":[{"href":"https:\/\/agora.xtec.cat\/ceipmarianao\/wp-json\/wp\/v2\/types\/post"}],"author":[{"embeddable":true,"href":"https:\/\/agora.xtec.cat\/ceipmarianao\/wp-json\/wp\/v2\/users\/3"}],"replies":[{"embeddable":true,"href":"https:\/\/agora.xtec.cat\/ceipmarianao\/wp-json\/wp\/v2\/comments?post=2794"}],"version-history":[{"count":4,"href":"https:\/\/agora.xtec.cat\/ceipmarianao\/wp-json\/wp\/v2\/posts\/2794\/revisions"}],"predecessor-version":[{"id":3244,"href":"https:\/\/agora.xtec.cat\/ceipmarianao\/wp-json\/wp\/v2\/posts\/2794\/revisions\/3244"}],"wp:attachment":[{"href":"https:\/\/agora.xtec.cat\/ceipmarianao\/wp-json\/wp\/v2\/media?parent=2794"}],"wp:term":[{"taxonomy":"category","embeddable":true,"href":"https:\/\/agora.xtec.cat\/ceipmarianao\/wp-json\/wp\/v2\/categories?post=2794"},{"taxonomy":"post_tag","embeddable":true,"href":"https:\/\/agora.xtec.cat\/ceipmarianao\/wp-json\/wp\/v2\/tags?post=2794"}],"curies":[{"name":"wp","href":"https:\/\/api.w.org\/{rel}","templated":true}]}}