{"id":2781,"date":"2020-03-20T17:24:54","date_gmt":"2020-03-20T16:24:54","guid":{"rendered":"https:\/\/agora.xtec.cat\/ceipmarianao\/?p=2781"},"modified":"2020-04-04T16:44:20","modified_gmt":"2020-04-04T14:44:20","slug":"missatges-de-lequip-huma","status":"publish","type":"post","link":"https:\/\/agora.xtec.cat\/ceipmarianao\/general\/missatges-de-lequip-huma\/","title":{"rendered":"MISSATGES DE L\u2019EQUIP HUM\u00c0"},"content":{"rendered":"<div style=\"text-align: justify;\" data-originalcomputedfontsize=\"16\" data-removefontsize=\"true\">\n<p style=\"text-align: justify;\">L&#8217;equip hum\u00e0 de l&#8217;Escola Marianao us troba molt a faltar, aix\u00ed que ha decidit que us anir\u00e0 fent arribar, a vosaltres i als vostres i als nostres\u00a0nens i nenes, diferents missatges molt especials perqu\u00e8, tot i la dist\u00e0ncia, sentiu que continuem estant molt a prop.<\/p>\n<\/div>\n<div style=\"text-align: justify;\" data-originalcomputedfontsize=\"16\" data-removefontsize=\"true\">\n<p><a href=\"https:\/\/drive.google.com\/file\/d\/1UoqkuyPLyNRofIvjBhaSdTLTUTOTb7Un\/view?usp=sharing\">Noticiari EDICI\u00d3 ESPECIAL<\/a><\/p>\n<p><a href=\"https:\/\/drive.google.com\/file\/d\/1C1t8UbomtkuleIzG642P3R_zwffQkTDy\/view?usp=sharing\">Conte: L&#8217;OPORTUNITAT<\/a><br \/>\n<a href=\"https:\/\/drive.google.com\/file\/d\/1X8YRAnS7cELLPH-ERgTFkGb7BABdN8jH\/view?usp=sharing\">CARTA DE P3<\/a><\/p>\n<p><a href=\"https:\/\/drive.google.com\/file\/d\/1wts6P-NyXwNwC1jffLDXKmwhPBILXwj-\/view?usp=sharing\">CARTA DE P4<\/a><\/p>\n<p>CARTES DE <a href=\"https:\/\/drive.google.com\/file\/d\/1JOPQAYkH9jL1g62Pwk6dlaoafD2So6nW\/view?usp=sharing\">P5A<\/a> i <a href=\"https:\/\/drive.google.com\/file\/d\/1oRcxRzqo2U_XCJ_QrZSqreIy6lWMMDBP\/view?usp=sharing\">P5B<\/a><\/p>\n<p><a href=\"https:\/\/drive.google.com\/file\/d\/1SfkD8f2zXlTe5VBWYnfBnG1UM0LArBy_\/view?usp=sharing\">CARTA DE 1r<\/a><\/p>\n<p><a href=\"https:\/\/drive.google.com\/file\/d\/1M-iGqss2feePk_3XZSTzdXaJiIWP4wvu\/view?usp=sharing\">CARTA DE 2n<\/a><\/p>\n<p><a href=\"https:\/\/drive.google.com\/file\/d\/1-hbbYSIVf1fruDFet4SsC3-qvJ8KTPAw\/view?usp=sharing\">CARTA DE 3r<\/a><\/p>\n<p><a href=\"https:\/\/drive.google.com\/file\/d\/1wG3QijADD27-4djCygTYO1fQtqQSWJU6\/view?usp=sharing\">CARTA DE 4t<\/a><\/p>\n<p><a href=\"https:\/\/drive.google.com\/file\/d\/1vzAz_Bo9MVNtDCrdo_MNgMd5g6VSFnyo\/view?usp=sharing\">CARTA DE 5\u00e8<\/a><\/p>\n<p><a href=\"https:\/\/drive.google.com\/file\/d\/180bK63NbJnrWW1Te6dgMKrAMOoplWVdF\/view?usp=sharing\">CARTA DE 6\u00e8<\/a><\/p>\n<\/div>\n","protected":false},"excerpt":{"rendered":"<p>L&#8217;equip hum\u00e0 de l&#8217;Escola Marianao us troba molt a faltar, aix\u00ed que ha decidit que us anir\u00e0 fent arribar, a vosaltres i als vostres i als nostres\u00a0nens i nenes, diferents missatges molt especials perqu\u00e8, tot i la dist\u00e0ncia, sentiu que continuem estant molt a prop.<\/p>\n<p><a&hellip;  <a href=\"https:\/\/agora.xtec.cat\/ceipmarianao\/general\/missatges-de-lequip-huma\/\" title=\"Read MISSATGES DE L\u2019EQUIP HUM\u00c0\">Llegeix m\u00e9s\u00bb<\/a><\/p>\n","protected":false},"author":3,"featured_media":0,"comment_status":"closed","ping_status":"closed","sticky":false,"template":"","format":"standard","meta":{"_bbp_topic_count":0,"_bbp_reply_count":0,"_bbp_total_topic_count":0,"_bbp_total_reply_count":0,"_bbp_voice_count":0,"_bbp_anonymous_reply_count":0,"_bbp_topic_count_hidden":0,"_bbp_reply_count_hidden":0,"_bbp_forum_subforum_count":0,"footnotes":""},"categories":[1,28,4],"tags":[],"class_list":["post-2781","post","type-post","status-publish","format-standard","hentry","category-general","category-noticies-portada","category-portada"],"post_mailing_queue_ids":[],"_links":{"self":[{"href":"https:\/\/agora.xtec.cat\/ceipmarianao\/wp-json\/wp\/v2\/posts\/2781","targetHints":{"allow":["GET"]}}],"collection":[{"href":"https:\/\/agora.xtec.cat\/ceipmarianao\/wp-json\/wp\/v2\/posts"}],"about":[{"href":"https:\/\/agora.xtec.cat\/ceipmarianao\/wp-json\/wp\/v2\/types\/post"}],"author":[{"embeddable":true,"href":"https:\/\/agora.xtec.cat\/ceipmarianao\/wp-json\/wp\/v2\/users\/3"}],"replies":[{"embeddable":true,"href":"https:\/\/agora.xtec.cat\/ceipmarianao\/wp-json\/wp\/v2\/comments?post=2781"}],"version-history":[{"count":4,"href":"https:\/\/agora.xtec.cat\/ceipmarianao\/wp-json\/wp\/v2\/posts\/2781\/revisions"}],"predecessor-version":[{"id":2973,"href":"https:\/\/agora.xtec.cat\/ceipmarianao\/wp-json\/wp\/v2\/posts\/2781\/revisions\/2973"}],"wp:attachment":[{"href":"https:\/\/agora.xtec.cat\/ceipmarianao\/wp-json\/wp\/v2\/media?parent=2781"}],"wp:term":[{"taxonomy":"category","embeddable":true,"href":"https:\/\/agora.xtec.cat\/ceipmarianao\/wp-json\/wp\/v2\/categories?post=2781"},{"taxonomy":"post_tag","embeddable":true,"href":"https:\/\/agora.xtec.cat\/ceipmarianao\/wp-json\/wp\/v2\/tags?post=2781"}],"curies":[{"name":"wp","href":"https:\/\/api.w.org\/{rel}","templated":true}]}}