{"id":2730,"date":"2020-03-12T17:08:37","date_gmt":"2020-03-12T16:08:37","guid":{"rendered":"https:\/\/agora.xtec.cat\/ceipmarianao\/?p=2730"},"modified":"2020-03-14T17:08:39","modified_gmt":"2020-03-14T16:08:39","slug":"tancament-centres-educatius-de-catalunya","status":"publish","type":"post","link":"https:\/\/agora.xtec.cat\/ceipmarianao\/general\/tancament-centres-educatius-de-catalunya\/","title":{"rendered":"TANCAMENT CENTRES EDUCATIUS DE CATALUNYA"},"content":{"rendered":"<p style=\"text-align: justify;\">El Departament d\u2019Educaci\u00f3, seguint instruccions del Departament de Salut i com a mesura excepcional per contenir el coronavirus, <strong>ha pres la decisi\u00f3 de tancar a partir de dem\u00e0, divendres 13 de mar\u00e7, i fins al proper divendres 27 mar\u00e7, ambd\u00f3s inclosos<\/strong>, <strong>tots els centres educatius de Catalunya<\/strong> i, per tant, han quedat suspeses les classes en horari lectiu, les activitats i sortides programades (<strong>inclosa la Jornada de Portes Obertes de dijous 19 de mar\u00e7<\/strong>), els serveis d&#8217;acollida i menjador i les activitats extraescolars.<\/p>\n<p style=\"text-align: justify;\">Seguirem prestant atenci\u00f3 a les instruccions del Departament de Salut i a l\u2019evoluci\u00f3 de la situaci\u00f3.<\/p>\n<p style=\"text-align: justify;\">Us demanem que esteu atents al correu electr\u00f2nic i a la p\u00e0gina web del centre i que si teniu qualsevol dubte ens el feu arribar via email, ja que no serem a l\u2019Escola.<\/p>\n<p style=\"text-align: justify;\">El Departament d\u2019Educaci\u00f3 ens far\u00e0 arribar les indicacions pertinents en relaci\u00f3 a les q\u00fcestions que puguin sorgir.<\/p>\n<p style=\"text-align: justify;\">Tamb\u00e9 us recordem que cal que seguiu les indicacions, recomanacions i protocols que estableix el Departament de Salut pel que fa a la prevenci\u00f3 del virus i que podeu consultar a <a href=\"http:\/\/canalsalut.gencat.cat\/coronavirus\">http:\/\/canalsalut.gencat.cat\/coronavirus<\/a><\/p>\n<p style=\"text-align: justify;\">Us agra\u00efm la vostra comprensi\u00f3 i col\u00b7laboraci\u00f3.<\/p>\n","protected":false},"excerpt":{"rendered":"<p>El Departament d\u2019Educaci\u00f3, seguint instruccions del Departament de Salut i com a mesura excepcional per contenir el coronavirus, ha pres la decisi\u00f3 de tancar a partir de dem\u00e0, divendres 13 de mar\u00e7, i fins al proper divendres 27 mar\u00e7, ambd\u00f3s inclosos, tots els centres educatius&hellip;  <a href=\"https:\/\/agora.xtec.cat\/ceipmarianao\/general\/tancament-centres-educatius-de-catalunya\/\" title=\"Read TANCAMENT CENTRES EDUCATIUS DE CATALUNYA\">Llegeix m\u00e9s\u00bb<\/a><\/p>\n","protected":false},"author":3,"featured_media":0,"comment_status":"closed","ping_status":"closed","sticky":false,"template":"","format":"standard","meta":{"_bbp_topic_count":0,"_bbp_reply_count":0,"_bbp_total_topic_count":0,"_bbp_total_reply_count":0,"_bbp_voice_count":0,"_bbp_anonymous_reply_count":0,"_bbp_topic_count_hidden":0,"_bbp_reply_count_hidden":0,"_bbp_forum_subforum_count":0,"footnotes":""},"categories":[1,28,4],"tags":[],"class_list":["post-2730","post","type-post","status-publish","format-standard","hentry","category-general","category-noticies-portada","category-portada"],"post_mailing_queue_ids":[],"_links":{"self":[{"href":"https:\/\/agora.xtec.cat\/ceipmarianao\/wp-json\/wp\/v2\/posts\/2730","targetHints":{"allow":["GET"]}}],"collection":[{"href":"https:\/\/agora.xtec.cat\/ceipmarianao\/wp-json\/wp\/v2\/posts"}],"about":[{"href":"https:\/\/agora.xtec.cat\/ceipmarianao\/wp-json\/wp\/v2\/types\/post"}],"author":[{"embeddable":true,"href":"https:\/\/agora.xtec.cat\/ceipmarianao\/wp-json\/wp\/v2\/users\/3"}],"replies":[{"embeddable":true,"href":"https:\/\/agora.xtec.cat\/ceipmarianao\/wp-json\/wp\/v2\/comments?post=2730"}],"version-history":[{"count":3,"href":"https:\/\/agora.xtec.cat\/ceipmarianao\/wp-json\/wp\/v2\/posts\/2730\/revisions"}],"predecessor-version":[{"id":2736,"href":"https:\/\/agora.xtec.cat\/ceipmarianao\/wp-json\/wp\/v2\/posts\/2730\/revisions\/2736"}],"wp:attachment":[{"href":"https:\/\/agora.xtec.cat\/ceipmarianao\/wp-json\/wp\/v2\/media?parent=2730"}],"wp:term":[{"taxonomy":"category","embeddable":true,"href":"https:\/\/agora.xtec.cat\/ceipmarianao\/wp-json\/wp\/v2\/categories?post=2730"},{"taxonomy":"post_tag","embeddable":true,"href":"https:\/\/agora.xtec.cat\/ceipmarianao\/wp-json\/wp\/v2\/tags?post=2730"}],"curies":[{"name":"wp","href":"https:\/\/api.w.org\/{rel}","templated":true}]}}