{"id":2633,"date":"2020-02-05T13:54:52","date_gmt":"2020-02-05T12:54:52","guid":{"rendered":"https:\/\/agora.xtec.cat\/ceipmarianao\/?p=2633"},"modified":"2020-06-02T23:44:16","modified_gmt":"2020-06-02T21:44:16","slug":"jornada-de-portes-obertes-2020","status":"publish","type":"post","link":"https:\/\/agora.xtec.cat\/ceipmarianao\/general\/jornada-de-portes-obertes-2020\/","title":{"rendered":"JORNADA DE PORTES OBERTES 2020"},"content":{"rendered":"<p style=\"text-align: justify;\"><a href=\"https:\/\/agora.xtec.cat\/ceipmarianao\/wp-content\/uploads\/usu17\/2020\/02\/Entrada-ESCOLA-20-1.jpg\"><img loading=\"lazy\" decoding=\"async\" class=\"aligncenter\" src=\"https:\/\/agora.xtec.cat\/ceipmarianao\/wp-content\/uploads\/usu17\/2020\/02\/Entrada-ESCOLA-20-1-300x224.jpg\" alt=\"\" width=\"328\" height=\"245\" \/><\/a><\/p>\n<p style=\"text-align: justify;\"><span style=\"font-family: inherit; font-size: 1em; text-align: justify;\">La Jornada de Portes Obertes programada per a<\/span><strong style=\"font-family: inherit; font-size: 1em; text-align: justify;\">\u00a0dijous 19 de mar\u00e7<\/strong><span style=\"font-family: inherit; font-size: 1em; text-align: justify;\">, a les 9:30 h i a les 17:00 h (hi havia dues opcions d&#8217;assist\u00e8ncia), finalment no es va poder realitzar a causa del tancament dels centres educatius. <\/span><\/p>\n<p style=\"text-align: justify;\"><span style=\"font-family: inherit; font-size: 1em; text-align: justify;\">Sabem que decidir el centre on escolaritzar el vostre fill o filla no \u00e9s gens f\u00e0cil, i m\u00e9s encara donada la situaci\u00f3 actual, sense haver pogut visitar-lo, sense haver pogut parlar amb l&#8217;equip docent&#8230; Aix\u00ed que si teniu dubtes o consultes no deixeu de fer-nos-els arribar a trav\u00e9s del correu electr\u00f2nic de l\u2019Escola: a8025599@xtec.cat<\/span><\/p>\n<p style=\"text-align: justify;\"><span style=\"font-family: inherit; font-size: 1em;\">Tamb\u00e9 us convidem que feu una ullada als diferents apartats del men\u00fa del web perqu\u00e8 ens conegueu una mica m\u00e9s.<\/span><\/p>\n<p style=\"text-align: justify;\"><span style=\"font-family: inherit; font-size: 1em;\">Us deixem el v\u00eddeo de la Jornada de Portes Obertes d&#8217;aquest curs perqu\u00e8 ens sentiu m\u00e9s a prop: junts, tot \u00e9s possible!<\/span><\/p>\n<p style=\"text-align: center;\"><iframe loading=\"lazy\" src=\"\/\/www.youtube.com\/embed\/PUZkwf1trak\" width=\"560\" height=\"315\" frameborder=\"0\"><\/iframe><\/p>\n<p style=\"text-align: center;\">\n","protected":false},"excerpt":{"rendered":"<p><a href=\"https:\/\/agora.xtec.cat\/ceipmarianao\/wp-content\/uploads\/usu17\/2020\/02\/Entrada-ESCOLA-20-1.jpg\"><\/a><br \/>\nLa Jornada de Portes Obertes programada per a\u00a0dijous 19 de mar\u00e7, a les 9:30 h i a les 17:00 h (hi havia dues opcions d&#8217;assist\u00e8ncia), finalment no es va poder realitzar a causa del tancament dels centres educatius.<br \/>\nSabem que decidir el centre on&hellip;  <a href=\"https:\/\/agora.xtec.cat\/ceipmarianao\/general\/jornada-de-portes-obertes-2020\/\" title=\"Read JORNADA DE PORTES OBERTES 2020\">Llegeix m\u00e9s\u00bb<\/a><\/p>\n","protected":false},"author":3,"featured_media":2639,"comment_status":"closed","ping_status":"closed","sticky":false,"template":"","format":"standard","meta":{"_bbp_topic_count":0,"_bbp_reply_count":0,"_bbp_total_topic_count":0,"_bbp_total_reply_count":0,"_bbp_voice_count":0,"_bbp_anonymous_reply_count":0,"_bbp_topic_count_hidden":0,"_bbp_reply_count_hidden":0,"_bbp_forum_subforum_count":0,"footnotes":""},"categories":[1,28,4],"tags":[],"class_list":["post-2633","post","type-post","status-publish","format-standard","has-post-thumbnail","hentry","category-general","category-noticies-portada","category-portada"],"post_mailing_queue_ids":[],"_links":{"self":[{"href":"https:\/\/agora.xtec.cat\/ceipmarianao\/wp-json\/wp\/v2\/posts\/2633","targetHints":{"allow":["GET"]}}],"collection":[{"href":"https:\/\/agora.xtec.cat\/ceipmarianao\/wp-json\/wp\/v2\/posts"}],"about":[{"href":"https:\/\/agora.xtec.cat\/ceipmarianao\/wp-json\/wp\/v2\/types\/post"}],"author":[{"embeddable":true,"href":"https:\/\/agora.xtec.cat\/ceipmarianao\/wp-json\/wp\/v2\/users\/3"}],"replies":[{"embeddable":true,"href":"https:\/\/agora.xtec.cat\/ceipmarianao\/wp-json\/wp\/v2\/comments?post=2633"}],"version-history":[{"count":4,"href":"https:\/\/agora.xtec.cat\/ceipmarianao\/wp-json\/wp\/v2\/posts\/2633\/revisions"}],"predecessor-version":[{"id":3081,"href":"https:\/\/agora.xtec.cat\/ceipmarianao\/wp-json\/wp\/v2\/posts\/2633\/revisions\/3081"}],"wp:featuredmedia":[{"embeddable":true,"href":"https:\/\/agora.xtec.cat\/ceipmarianao\/wp-json\/wp\/v2\/media\/2639"}],"wp:attachment":[{"href":"https:\/\/agora.xtec.cat\/ceipmarianao\/wp-json\/wp\/v2\/media?parent=2633"}],"wp:term":[{"taxonomy":"category","embeddable":true,"href":"https:\/\/agora.xtec.cat\/ceipmarianao\/wp-json\/wp\/v2\/categories?post=2633"},{"taxonomy":"post_tag","embeddable":true,"href":"https:\/\/agora.xtec.cat\/ceipmarianao\/wp-json\/wp\/v2\/tags?post=2633"}],"curies":[{"name":"wp","href":"https:\/\/api.w.org\/{rel}","templated":true}]}}