{"id":2615,"date":"2020-01-31T10:16:18","date_gmt":"2020-01-31T09:16:18","guid":{"rendered":"https:\/\/agora.xtec.cat\/ceipmarianao\/?p=2615"},"modified":"2020-02-03T18:51:13","modified_gmt":"2020-02-03T17:51:13","slug":"v-marato-de-lestalvi-energetic-febrer","status":"publish","type":"post","link":"https:\/\/agora.xtec.cat\/ceipmarianao\/general\/v-marato-de-lestalvi-energetic-febrer\/","title":{"rendered":"V MARAT\u00d3 DE L&#8217;ESTALVI ENERG\u00c8TIC (FEBRER)"},"content":{"rendered":"<div style=\"text-align: justify;\"><\/div>\n<div>\n<p style=\"text-align: justify;\">Aquest curs ens hem sumat a la V Marat\u00f3 de l&#8217;Estalvi Energ\u00e8tic!<\/p>\n<p style=\"text-align: justify;\">La Marat\u00f3 de l\u2019Estalvi Energ\u00e8tic \u00e9s una campanya de sensibilitzaci\u00f3 i bones pr\u00e0ctiques en l&#8217;\u00fas i el consum de l&#8217;energia que t\u00e9 com a objectiu destinar l\u2019estalvi econ\u00f2mic aconseguit a accions contra la pobresa energ\u00e8tica. Aquesta iniciativa s\u2019adre\u00e7a a municipis i ens p\u00fablics que vulguin adherir-se i participar a trav\u00e9s d\u2019alguns dels seus edificis i equipaments.<\/p>\n<p style=\"text-align: justify;\">Durant el mes de febrer, que \u00e9s quan t\u00e9 lloc la Marat\u00f3, mestres, personal no docent i alumnes de l&#8217;escola durem a terme <a href=\"https:\/\/drive.google.com\/file\/d\/1Cu7c7whKGFIz5GzfKIUoVazQyGGv_HZD\/view?usp=sharing\">accions<\/a> per reduir els consums d&#8217;energia (aigua, llum i gas) i les emissions de CO2 i obtenir el m\u00e0xim d&#8217;estalvi econ\u00f2mic, que es destinar\u00e0 a les accions contra la pobresa energ\u00e8tica determinades en un inici per l&#8217;Ajuntament. Es diu Marat\u00f3 no perqu\u00e8 sigui una competici\u00f3, sin\u00f3 perqu\u00e8 ens demana que aconseguim superar-nos.<\/p>\n<p style=\"text-align: justify;\">\u00c9s per aquest motiu que us demanem la vostra col\u00b7laboraci\u00f3, recolzant els vostres fills i filles, en la mesura del possible, en les propostes que us facin per dur a terme a casa. Ja sabeu que les petites accions quotidianes poden esdevenir estalvis de consum i fer un m\u00f3n m\u00e9s sostenible. En aquesta l\u00ednia, us demanem que els infants de prim\u00e0ria, de 1r a 6\u00e8, portin l&#8217;ampolla d&#8217;aigua reutilitzable i no pas d&#8217;un sol \u00fas, ja que volem reduir els residus pl\u00e0stics.<\/p>\n<p style=\"text-align: justify;\">El nostre objectiu va m\u00e9s enll\u00e0 d&#8217;estalviar consum durant el mes de febrer. Volem canviar els h\u00e0bits establerts i aconseguir la implicaci\u00f3, la participaci\u00f3 i la sensibilitzaci\u00f3 necess\u00e0ries per cuidar el medi ambient i lluitar contra el canvi clim\u00e0tic.<\/p>\n<p style=\"text-align: center;\"><iframe loading=\"lazy\" src=\"\/\/www.youtube.com\/embed\/T1mb2EKF4pI\" width=\"560\" height=\"315\" frameborder=\"0\" allowfullscreen=\"allowfullscreen\"><\/iframe><\/p>\n<\/div>\n","protected":false},"excerpt":{"rendered":"<p>Aquest curs ens hem sumat a la V Marat\u00f3 de l&#8217;Estalvi Energ\u00e8tic!<br \/>\nLa Marat\u00f3 de l\u2019Estalvi Energ\u00e8tic \u00e9s una campanya de sensibilitzaci\u00f3 i bones pr\u00e0ctiques en l&#8217;\u00fas i el consum de l&#8217;energia que t\u00e9 com a objectiu destinar l\u2019estalvi econ\u00f2mic aconseguit a accions contra la pobresa&hellip;  <a href=\"https:\/\/agora.xtec.cat\/ceipmarianao\/general\/v-marato-de-lestalvi-energetic-febrer\/\" title=\"Read V MARAT\u00d3 DE L&#8217;ESTALVI ENERG\u00c8TIC (FEBRER)\">Llegeix m\u00e9s\u00bb<\/a><\/p>\n","protected":false},"author":1,"featured_media":2622,"comment_status":"closed","ping_status":"closed","sticky":false,"template":"","format":"standard","meta":{"_bbp_topic_count":0,"_bbp_reply_count":0,"_bbp_total_topic_count":0,"_bbp_total_reply_count":0,"_bbp_voice_count":0,"_bbp_anonymous_reply_count":0,"_bbp_topic_count_hidden":0,"_bbp_reply_count_hidden":0,"_bbp_forum_subforum_count":0,"footnotes":""},"categories":[1,28,4],"tags":[],"class_list":["post-2615","post","type-post","status-publish","format-standard","has-post-thumbnail","hentry","category-general","category-noticies-portada","category-portada"],"post_mailing_queue_ids":[],"_links":{"self":[{"href":"https:\/\/agora.xtec.cat\/ceipmarianao\/wp-json\/wp\/v2\/posts\/2615","targetHints":{"allow":["GET"]}}],"collection":[{"href":"https:\/\/agora.xtec.cat\/ceipmarianao\/wp-json\/wp\/v2\/posts"}],"about":[{"href":"https:\/\/agora.xtec.cat\/ceipmarianao\/wp-json\/wp\/v2\/types\/post"}],"author":[{"embeddable":true,"href":"https:\/\/agora.xtec.cat\/ceipmarianao\/wp-json\/wp\/v2\/users\/1"}],"replies":[{"embeddable":true,"href":"https:\/\/agora.xtec.cat\/ceipmarianao\/wp-json\/wp\/v2\/comments?post=2615"}],"version-history":[{"count":3,"href":"https:\/\/agora.xtec.cat\/ceipmarianao\/wp-json\/wp\/v2\/posts\/2615\/revisions"}],"predecessor-version":[{"id":2626,"href":"https:\/\/agora.xtec.cat\/ceipmarianao\/wp-json\/wp\/v2\/posts\/2615\/revisions\/2626"}],"wp:featuredmedia":[{"embeddable":true,"href":"https:\/\/agora.xtec.cat\/ceipmarianao\/wp-json\/wp\/v2\/media\/2622"}],"wp:attachment":[{"href":"https:\/\/agora.xtec.cat\/ceipmarianao\/wp-json\/wp\/v2\/media?parent=2615"}],"wp:term":[{"taxonomy":"category","embeddable":true,"href":"https:\/\/agora.xtec.cat\/ceipmarianao\/wp-json\/wp\/v2\/categories?post=2615"},{"taxonomy":"post_tag","embeddable":true,"href":"https:\/\/agora.xtec.cat\/ceipmarianao\/wp-json\/wp\/v2\/tags?post=2615"}],"curies":[{"name":"wp","href":"https:\/\/api.w.org\/{rel}","templated":true}]}}