{"id":2591,"date":"2020-01-20T15:55:48","date_gmt":"2020-01-20T14:55:48","guid":{"rendered":"https:\/\/agora.xtec.cat\/ceipmarianao\/?p=2591"},"modified":"2020-02-05T16:32:18","modified_gmt":"2020-02-05T15:32:18","slug":"taller-de-dansa-urbana-en-angles","status":"publish","type":"post","link":"https:\/\/agora.xtec.cat\/ceipmarianao\/general\/taller-de-dansa-urbana-en-angles\/","title":{"rendered":"TALLER DE DANSA URBANA EN ANGL\u00c8S"},"content":{"rendered":"<p style=\"text-align: justify;\">La setmana passada va comen\u00e7ar el taller de dansa urbana en angl\u00e8s. Del dilluns al dijous, a la tarda, passar\u00e0 un grup de 6 o 7 alumnes per classe pel taller (cada infant far\u00e0 un total de tres sessions al llarg d&#8217;aquest trimestre). Mireu que b\u00e9 que s&#8217;ho passen&#8230;<\/p>\n","protected":false},"excerpt":{"rendered":"<p>La setmana passada va comen\u00e7ar el taller de dansa urbana en angl\u00e8s. Del dilluns al dijous, a la tarda, passar\u00e0 un grup de 6 o 7 alumnes per classe pel taller (cada infant far\u00e0 un total de tres sessions al llarg d&#8217;aquest trimestre). Mireu que&hellip;  <a href=\"https:\/\/agora.xtec.cat\/ceipmarianao\/general\/taller-de-dansa-urbana-en-angles\/\" title=\"Read TALLER DE DANSA URBANA EN ANGL\u00c8S\">Llegeix m\u00e9s\u00bb<\/a><\/p>\n","protected":false},"author":1,"featured_media":0,"comment_status":"closed","ping_status":"closed","sticky":false,"template":"","format":"standard","meta":{"_bbp_topic_count":0,"_bbp_reply_count":0,"_bbp_total_topic_count":0,"_bbp_total_reply_count":0,"_bbp_voice_count":0,"_bbp_anonymous_reply_count":0,"_bbp_topic_count_hidden":0,"_bbp_reply_count_hidden":0,"_bbp_forum_subforum_count":0,"footnotes":""},"categories":[1,28,4],"tags":[],"class_list":["post-2591","post","type-post","status-publish","format-standard","hentry","category-general","category-noticies-portada","category-portada"],"post_mailing_queue_ids":[],"_links":{"self":[{"href":"https:\/\/agora.xtec.cat\/ceipmarianao\/wp-json\/wp\/v2\/posts\/2591","targetHints":{"allow":["GET"]}}],"collection":[{"href":"https:\/\/agora.xtec.cat\/ceipmarianao\/wp-json\/wp\/v2\/posts"}],"about":[{"href":"https:\/\/agora.xtec.cat\/ceipmarianao\/wp-json\/wp\/v2\/types\/post"}],"author":[{"embeddable":true,"href":"https:\/\/agora.xtec.cat\/ceipmarianao\/wp-json\/wp\/v2\/users\/1"}],"replies":[{"embeddable":true,"href":"https:\/\/agora.xtec.cat\/ceipmarianao\/wp-json\/wp\/v2\/comments?post=2591"}],"version-history":[{"count":4,"href":"https:\/\/agora.xtec.cat\/ceipmarianao\/wp-json\/wp\/v2\/posts\/2591\/revisions"}],"predecessor-version":[{"id":2645,"href":"https:\/\/agora.xtec.cat\/ceipmarianao\/wp-json\/wp\/v2\/posts\/2591\/revisions\/2645"}],"wp:attachment":[{"href":"https:\/\/agora.xtec.cat\/ceipmarianao\/wp-json\/wp\/v2\/media?parent=2591"}],"wp:term":[{"taxonomy":"category","embeddable":true,"href":"https:\/\/agora.xtec.cat\/ceipmarianao\/wp-json\/wp\/v2\/categories?post=2591"},{"taxonomy":"post_tag","embeddable":true,"href":"https:\/\/agora.xtec.cat\/ceipmarianao\/wp-json\/wp\/v2\/tags?post=2591"}],"curies":[{"name":"wp","href":"https:\/\/api.w.org\/{rel}","templated":true}]}}