{"id":2575,"date":"2019-12-13T10:08:07","date_gmt":"2019-12-13T09:08:07","guid":{"rendered":"https:\/\/agora.xtec.cat\/ceipmarianao\/?p=2575"},"modified":"2019-12-13T10:08:07","modified_gmt":"2019-12-13T09:08:07","slug":"concert-de-nadal-2019","status":"publish","type":"post","link":"https:\/\/agora.xtec.cat\/ceipmarianao\/general\/concert-de-nadal-2019\/","title":{"rendered":"CONCERT DE NADAL 2019"},"content":{"rendered":"<p style=\"text-align: justify;\">Divendres 20 de desembre, al mat\u00ed, tindr\u00e0 lloc el Concert de Nadal a l&#8217;auditori del Parc Sanitari de Sant Joan de D\u00e9u. A continuaci\u00f3 us deixem informaci\u00f3 que pot ser del vostre inter\u00e8s:<\/p>\n<p><a href=\"https:\/\/drive.google.com\/file\/d\/1hqVQLNPBiw0XWGTOMHUY9k9S-SySqdCL\/view?usp=sharing\">Informaci\u00f3 Concert de Nadal 2019<\/a><\/p>\n<p><a href=\"https:\/\/drive.google.com\/file\/d\/1855TPyKV253mRzhU2MCvSxADAAd5h2SB\/view?usp=sharing\">Programa del Concert de Nadal 2019<\/a><\/p>\n<p><a href=\"https:\/\/drive.google.com\/file\/d\/1FzeXgRxGJ08ao1Gio8xtkzoc5DaVEJGm\/view?usp=sharing\">Vestuari del Concert de Nadal 2019<\/a><\/p>\n","protected":false},"excerpt":{"rendered":"<p>Divendres 20 de desembre, al mat\u00ed, tindr\u00e0 lloc el Concert de Nadal a l&#8217;auditori del Parc Sanitari de Sant Joan de D\u00e9u. A continuaci\u00f3 us deixem informaci\u00f3 que pot ser del vostre inter\u00e8s:<br \/>\n<a href=\"https:\/\/drive.google.com\/file\/d\/1hqVQLNPBiw0XWGTOMHUY9k9S-SySqdCL\/view?usp=sharing\">Informaci\u00f3 Concert de Nadal 2019<\/a><br \/>\n<a href=\"https:\/\/drive.google.com\/file\/d\/1855TPyKV253mRzhU2MCvSxADAAd5h2SB\/view?usp=sharing\">Programa del Concert de Nadal 2019<\/a><br \/>\n<a href=\"https:\/\/drive.google.com\/file\/d\/1FzeXgRxGJ08ao1Gio8xtkzoc5DaVEJGm\/view?usp=sharing\">Vestuari&hellip;  <a href=\"https:\/\/agora.xtec.cat\/ceipmarianao\/general\/concert-de-nadal-2019\/\" title=\"Read CONCERT DE NADAL 2019\">Llegeix m\u00e9s\u00bb<\/a><\/p>\n","protected":false},"author":3,"featured_media":0,"comment_status":"closed","ping_status":"closed","sticky":false,"template":"","format":"standard","meta":{"_bbp_topic_count":0,"_bbp_reply_count":0,"_bbp_total_topic_count":0,"_bbp_total_reply_count":0,"_bbp_voice_count":0,"_bbp_anonymous_reply_count":0,"_bbp_topic_count_hidden":0,"_bbp_reply_count_hidden":0,"_bbp_forum_subforum_count":0,"footnotes":""},"categories":[1,28,4],"tags":[],"class_list":["post-2575","post","type-post","status-publish","format-standard","hentry","category-general","category-noticies-portada","category-portada"],"post_mailing_queue_ids":[],"_links":{"self":[{"href":"https:\/\/agora.xtec.cat\/ceipmarianao\/wp-json\/wp\/v2\/posts\/2575","targetHints":{"allow":["GET"]}}],"collection":[{"href":"https:\/\/agora.xtec.cat\/ceipmarianao\/wp-json\/wp\/v2\/posts"}],"about":[{"href":"https:\/\/agora.xtec.cat\/ceipmarianao\/wp-json\/wp\/v2\/types\/post"}],"author":[{"embeddable":true,"href":"https:\/\/agora.xtec.cat\/ceipmarianao\/wp-json\/wp\/v2\/users\/3"}],"replies":[{"embeddable":true,"href":"https:\/\/agora.xtec.cat\/ceipmarianao\/wp-json\/wp\/v2\/comments?post=2575"}],"version-history":[{"count":1,"href":"https:\/\/agora.xtec.cat\/ceipmarianao\/wp-json\/wp\/v2\/posts\/2575\/revisions"}],"predecessor-version":[{"id":2576,"href":"https:\/\/agora.xtec.cat\/ceipmarianao\/wp-json\/wp\/v2\/posts\/2575\/revisions\/2576"}],"wp:attachment":[{"href":"https:\/\/agora.xtec.cat\/ceipmarianao\/wp-json\/wp\/v2\/media?parent=2575"}],"wp:term":[{"taxonomy":"category","embeddable":true,"href":"https:\/\/agora.xtec.cat\/ceipmarianao\/wp-json\/wp\/v2\/categories?post=2575"},{"taxonomy":"post_tag","embeddable":true,"href":"https:\/\/agora.xtec.cat\/ceipmarianao\/wp-json\/wp\/v2\/tags?post=2575"}],"curies":[{"name":"wp","href":"https:\/\/api.w.org\/{rel}","templated":true}]}}