{"id":2535,"date":"2019-11-14T17:01:33","date_gmt":"2019-11-14T16:01:33","guid":{"rendered":"https:\/\/agora.xtec.cat\/ceipmarianao\/?p=2535"},"modified":"2019-11-14T17:01:33","modified_gmt":"2019-11-14T16:01:33","slug":"cercles-restauratius-a-cicle-mitja-3r-i-4t-i-cicle-superior-5e-i-6e","status":"publish","type":"post","link":"https:\/\/agora.xtec.cat\/ceipmarianao\/general\/cercles-restauratius-a-cicle-mitja-3r-i-4t-i-cicle-superior-5e-i-6e\/","title":{"rendered":"CERCLES RESTAURATIUS A CICLE MITJ\u00c0 (3r i 4t) I CICLE SUPERIOR (5\u00e8 i 6\u00e8)"},"content":{"rendered":"<p style=\"text-align: justify;\">Avui dijous 14 de novembre, a les 9:15 h, el servei de mediaci\u00f3 de l&#8217;Ajuntament ha facilitat un cercle restauratiu a les aules de 3r, 4t, 5\u00e8 i 6\u00e8 de Prim\u00e0ria. S\u00f3n cercles de clima comunitari i ajuden a millorar la conviv\u00e8ncia a l&#8217;aula a trav\u00e9s del di\u00e0leg. Els infants, dit amb les seves pr\u00f2pies paraules, s&#8217;han sentit b\u00e9, tranquils, segurs, alliberats&#8230;<\/p>\n<p style=\"text-align: justify;\"><a href=\"https:\/\/agora.xtec.cat\/ceipmarianao\/wp-content\/uploads\/usu17\/2019\/11\/PHOTO-2019-11-14-12-44-40.jpg\"><img loading=\"lazy\" decoding=\"async\" class=\"aligncenter size-medium wp-image-2536\" src=\"https:\/\/agora.xtec.cat\/ceipmarianao\/wp-content\/uploads\/usu17\/2019\/11\/PHOTO-2019-11-14-12-44-40-300x225.jpg\" alt=\"\" width=\"300\" height=\"225\" srcset=\"https:\/\/agora.xtec.cat\/ceipmarianao\/wp-content\/uploads\/usu17\/2019\/11\/PHOTO-2019-11-14-12-44-40-300x225.jpg 300w, https:\/\/agora.xtec.cat\/ceipmarianao\/wp-content\/uploads\/usu17\/2019\/11\/PHOTO-2019-11-14-12-44-40-768x576.jpg 768w, https:\/\/agora.xtec.cat\/ceipmarianao\/wp-content\/uploads\/usu17\/2019\/11\/PHOTO-2019-11-14-12-44-40-1024x768.jpg 1024w, https:\/\/agora.xtec.cat\/ceipmarianao\/wp-content\/uploads\/usu17\/2019\/11\/PHOTO-2019-11-14-12-44-40-200x150.jpg 200w, https:\/\/agora.xtec.cat\/ceipmarianao\/wp-content\/uploads\/usu17\/2019\/11\/PHOTO-2019-11-14-12-44-40.jpg 2016w\" sizes=\"auto, (max-width: 300px) 100vw, 300px\" \/><\/a> <a href=\"https:\/\/agora.xtec.cat\/ceipmarianao\/wp-content\/uploads\/usu17\/2019\/11\/PHOTO-2019-11-14-13-39-03.jpg\"><img loading=\"lazy\" decoding=\"async\" class=\"aligncenter size-medium wp-image-2537\" src=\"https:\/\/agora.xtec.cat\/ceipmarianao\/wp-content\/uploads\/usu17\/2019\/11\/PHOTO-2019-11-14-13-39-03-300x225.jpg\" alt=\"\" width=\"300\" height=\"225\" srcset=\"https:\/\/agora.xtec.cat\/ceipmarianao\/wp-content\/uploads\/usu17\/2019\/11\/PHOTO-2019-11-14-13-39-03-300x225.jpg 300w, https:\/\/agora.xtec.cat\/ceipmarianao\/wp-content\/uploads\/usu17\/2019\/11\/PHOTO-2019-11-14-13-39-03-768x576.jpg 768w, https:\/\/agora.xtec.cat\/ceipmarianao\/wp-content\/uploads\/usu17\/2019\/11\/PHOTO-2019-11-14-13-39-03-1024x768.jpg 1024w, https:\/\/agora.xtec.cat\/ceipmarianao\/wp-content\/uploads\/usu17\/2019\/11\/PHOTO-2019-11-14-13-39-03-200x150.jpg 200w, https:\/\/agora.xtec.cat\/ceipmarianao\/wp-content\/uploads\/usu17\/2019\/11\/PHOTO-2019-11-14-13-39-03.jpg 2000w\" sizes=\"auto, (max-width: 300px) 100vw, 300px\" \/><\/a><a href=\"https:\/\/agora.xtec.cat\/ceipmarianao\/wp-content\/uploads\/usu17\/2019\/11\/IMG-0095.jpg\"><img loading=\"lazy\" decoding=\"async\" class=\"aligncenter size-medium wp-image-2539\" src=\"https:\/\/agora.xtec.cat\/ceipmarianao\/wp-content\/uploads\/usu17\/2019\/11\/IMG-0095-300x225.jpg\" alt=\"\" width=\"300\" height=\"225\" srcset=\"https:\/\/agora.xtec.cat\/ceipmarianao\/wp-content\/uploads\/usu17\/2019\/11\/IMG-0095-300x225.jpg 300w, https:\/\/agora.xtec.cat\/ceipmarianao\/wp-content\/uploads\/usu17\/2019\/11\/IMG-0095-768x576.jpg 768w, https:\/\/agora.xtec.cat\/ceipmarianao\/wp-content\/uploads\/usu17\/2019\/11\/IMG-0095-1024x768.jpg 1024w, https:\/\/agora.xtec.cat\/ceipmarianao\/wp-content\/uploads\/usu17\/2019\/11\/IMG-0095-200x150.jpg 200w, https:\/\/agora.xtec.cat\/ceipmarianao\/wp-content\/uploads\/usu17\/2019\/11\/IMG-0095.jpg 2016w\" sizes=\"auto, (max-width: 300px) 100vw, 300px\" \/><\/a><\/p>\n","protected":false},"excerpt":{"rendered":"<p>Avui dijous 14 de novembre, a les 9:15 h, el servei de mediaci\u00f3 de l&#8217;Ajuntament ha facilitat un cercle restauratiu a les aules de 3r, 4t, 5\u00e8 i 6\u00e8 de Prim\u00e0ria. S\u00f3n cercles de clima comunitari i ajuden a millorar la conviv\u00e8ncia a l&#8217;aula a&hellip;  <a href=\"https:\/\/agora.xtec.cat\/ceipmarianao\/general\/cercles-restauratius-a-cicle-mitja-3r-i-4t-i-cicle-superior-5e-i-6e\/\" title=\"Read CERCLES RESTAURATIUS A CICLE MITJ\u00c0 (3r i 4t) I CICLE SUPERIOR (5\u00e8 i 6\u00e8)\">Llegeix m\u00e9s\u00bb<\/a><\/p>\n","protected":false},"author":3,"featured_media":0,"comment_status":"closed","ping_status":"closed","sticky":false,"template":"","format":"standard","meta":{"_bbp_topic_count":0,"_bbp_reply_count":0,"_bbp_total_topic_count":0,"_bbp_total_reply_count":0,"_bbp_voice_count":0,"_bbp_anonymous_reply_count":0,"_bbp_topic_count_hidden":0,"_bbp_reply_count_hidden":0,"_bbp_forum_subforum_count":0,"footnotes":""},"categories":[1,28,4],"tags":[],"class_list":["post-2535","post","type-post","status-publish","format-standard","hentry","category-general","category-noticies-portada","category-portada"],"post_mailing_queue_ids":[],"_links":{"self":[{"href":"https:\/\/agora.xtec.cat\/ceipmarianao\/wp-json\/wp\/v2\/posts\/2535","targetHints":{"allow":["GET"]}}],"collection":[{"href":"https:\/\/agora.xtec.cat\/ceipmarianao\/wp-json\/wp\/v2\/posts"}],"about":[{"href":"https:\/\/agora.xtec.cat\/ceipmarianao\/wp-json\/wp\/v2\/types\/post"}],"author":[{"embeddable":true,"href":"https:\/\/agora.xtec.cat\/ceipmarianao\/wp-json\/wp\/v2\/users\/3"}],"replies":[{"embeddable":true,"href":"https:\/\/agora.xtec.cat\/ceipmarianao\/wp-json\/wp\/v2\/comments?post=2535"}],"version-history":[{"count":2,"href":"https:\/\/agora.xtec.cat\/ceipmarianao\/wp-json\/wp\/v2\/posts\/2535\/revisions"}],"predecessor-version":[{"id":2540,"href":"https:\/\/agora.xtec.cat\/ceipmarianao\/wp-json\/wp\/v2\/posts\/2535\/revisions\/2540"}],"wp:attachment":[{"href":"https:\/\/agora.xtec.cat\/ceipmarianao\/wp-json\/wp\/v2\/media?parent=2535"}],"wp:term":[{"taxonomy":"category","embeddable":true,"href":"https:\/\/agora.xtec.cat\/ceipmarianao\/wp-json\/wp\/v2\/categories?post=2535"},{"taxonomy":"post_tag","embeddable":true,"href":"https:\/\/agora.xtec.cat\/ceipmarianao\/wp-json\/wp\/v2\/tags?post=2535"}],"curies":[{"name":"wp","href":"https:\/\/api.w.org\/{rel}","templated":true}]}}