{"id":2533,"date":"2019-11-12T19:11:54","date_gmt":"2019-11-12T18:11:54","guid":{"rendered":"https:\/\/agora.xtec.cat\/ceipmarianao\/?p=2533"},"modified":"2019-11-12T19:11:54","modified_gmt":"2019-11-12T18:11:54","slug":"sessio-comunicacio-afectiva-mediacio-families","status":"publish","type":"post","link":"https:\/\/agora.xtec.cat\/ceipmarianao\/general\/sessio-comunicacio-afectiva-mediacio-families\/","title":{"rendered":"SESSI\u00d3 COMUNICACI\u00d3 AFECTIVA MEDIACI\u00d3 FAM\u00cdLIES"},"content":{"rendered":"<p style=\"text-align: justify;\">Recordeu que aquest dijous, 14 de novembre, de 17 h a 18 h, aproximadament, tindr\u00e0 lloc la segona part de les sessions de comunicaci\u00f3 restaurativa a c\u00e0rrec del servei de mediaci\u00f3 de l&#8217;Ajuntament.<\/p>\n<p style=\"text-align: justify;\">L&#8217;objectiu d&#8217;aquesta sessi\u00f3 \u00e9s que conegueu la f\u00f3rmula de la comunicaci\u00f3 afectiva, que us servir\u00e0 per exercir com a pares i mares de manera persuasiva, no coercitiva, empoderant els vostres fills i filles perqu\u00e8 millorin en la seva presa de decisions i no es limitin a fer les coses per imposici\u00f3. Amb aquesta seq\u00fc\u00e8ncia podreu aconseguir els vostres objectius sense experimentar els sentiments de culpa que ens deixa la utilitzaci\u00f3 de la comunicaci\u00f3 dura, ajudant els nens i les nenes a seguir el seu propi cam\u00ed de discerniment.<\/p>\n<p style=\"text-align: justify;\">Esperem que us hi animeu!<\/p>\n","protected":false},"excerpt":{"rendered":"<p>Recordeu que aquest dijous, 14 de novembre, de 17 h a 18 h, aproximadament, tindr\u00e0 lloc la segona part de les sessions de comunicaci\u00f3 restaurativa a c\u00e0rrec del servei de mediaci\u00f3 de l&#8217;Ajuntament.<br \/>\nL&#8217;objectiu d&#8217;aquesta sessi\u00f3 \u00e9s que conegueu la f\u00f3rmula de la comunicaci\u00f3 afectiva, que&hellip;  <a href=\"https:\/\/agora.xtec.cat\/ceipmarianao\/general\/sessio-comunicacio-afectiva-mediacio-families\/\" title=\"Read SESSI\u00d3 COMUNICACI\u00d3 AFECTIVA MEDIACI\u00d3 FAM\u00cdLIES\">Llegeix m\u00e9s\u00bb<\/a><\/p>\n","protected":false},"author":3,"featured_media":0,"comment_status":"closed","ping_status":"closed","sticky":false,"template":"","format":"standard","meta":{"_bbp_topic_count":0,"_bbp_reply_count":0,"_bbp_total_topic_count":0,"_bbp_total_reply_count":0,"_bbp_voice_count":0,"_bbp_anonymous_reply_count":0,"_bbp_topic_count_hidden":0,"_bbp_reply_count_hidden":0,"_bbp_forum_subforum_count":0,"footnotes":""},"categories":[1,28,4],"tags":[],"class_list":["post-2533","post","type-post","status-publish","format-standard","hentry","category-general","category-noticies-portada","category-portada"],"post_mailing_queue_ids":[],"_links":{"self":[{"href":"https:\/\/agora.xtec.cat\/ceipmarianao\/wp-json\/wp\/v2\/posts\/2533","targetHints":{"allow":["GET"]}}],"collection":[{"href":"https:\/\/agora.xtec.cat\/ceipmarianao\/wp-json\/wp\/v2\/posts"}],"about":[{"href":"https:\/\/agora.xtec.cat\/ceipmarianao\/wp-json\/wp\/v2\/types\/post"}],"author":[{"embeddable":true,"href":"https:\/\/agora.xtec.cat\/ceipmarianao\/wp-json\/wp\/v2\/users\/3"}],"replies":[{"embeddable":true,"href":"https:\/\/agora.xtec.cat\/ceipmarianao\/wp-json\/wp\/v2\/comments?post=2533"}],"version-history":[{"count":1,"href":"https:\/\/agora.xtec.cat\/ceipmarianao\/wp-json\/wp\/v2\/posts\/2533\/revisions"}],"predecessor-version":[{"id":2534,"href":"https:\/\/agora.xtec.cat\/ceipmarianao\/wp-json\/wp\/v2\/posts\/2533\/revisions\/2534"}],"wp:attachment":[{"href":"https:\/\/agora.xtec.cat\/ceipmarianao\/wp-json\/wp\/v2\/media?parent=2533"}],"wp:term":[{"taxonomy":"category","embeddable":true,"href":"https:\/\/agora.xtec.cat\/ceipmarianao\/wp-json\/wp\/v2\/categories?post=2533"},{"taxonomy":"post_tag","embeddable":true,"href":"https:\/\/agora.xtec.cat\/ceipmarianao\/wp-json\/wp\/v2\/tags?post=2533"}],"curies":[{"name":"wp","href":"https:\/\/api.w.org\/{rel}","templated":true}]}}