{"id":2526,"date":"2019-11-08T10:21:07","date_gmt":"2019-11-08T09:21:07","guid":{"rendered":"https:\/\/agora.xtec.cat\/ceipmarianao\/?p=2526"},"modified":"2019-11-08T10:21:07","modified_gmt":"2019-11-08T09:21:07","slug":"programa-de-formacio-a-families-2019-2020","status":"publish","type":"post","link":"https:\/\/agora.xtec.cat\/ceipmarianao\/general\/programa-de-formacio-a-families-2019-2020\/","title":{"rendered":"PROGRAMA DE FORMACI\u00d3 A FAM\u00cdLIES 2019-2020"},"content":{"rendered":"<p style=\"text-align: justify;\">Aqu\u00ed us deixem la programaci\u00f3 de les activitats del Programa de Formaci\u00f3 a Fam\u00edlies &#8220;Escola Municipal de Mares i Pares 2019-2020&#8221;.<\/p>\n<p style=\"text-align: justify;\">El programa s&#8217;adre\u00e7a a totes les fam\u00edlies, especialment a les mares i pares que estiguin interessats a compartir espais de reflexi\u00f3 i ampliar coneixements en temes relacionats amb l&#8217;educaci\u00f3 i crian\u00e7a dels seus fills i filles. Com podreu comprovar, cadascuna de les sessions estar\u00e0 guiada per un o una professional que oferir\u00e0 pautes pr\u00e0ctiques, estrat\u00e8gies i idees constructives que poden millorar la tasca educativa.<\/p>\n<p style=\"text-align: justify;\">Trobareu tota la informaci\u00f3 del Programa i l&#8217;enlla\u00e7 per realitzar la inscripci\u00f3 al web de l&#8217;Ajuntament: <a href=\"http:\/\/www.santboi.cat\" target=\"_blank\" rel=\"noopener noreferrer\" data-saferedirecturl=\"https:\/\/www.google.com\/url?q=http:\/\/www.santboi.cat&amp;source=gmail&amp;ust=1573290866799000&amp;usg=AFQjCNGio4jItrJ97zvgRuRa6oX4o2VVQA\">www.santboi.cat<\/a> (disponible a partir de dilluns 11 de novembre).<\/p>\n<p style=\"text-align: center;\"><a href=\"https:\/\/agora.xtec.cat\/ceipmarianao\/wp-content\/uploads\/usu17\/2019\/11\/Programaci\u00f3-Formaci\u00f3-a-Fam\u00edlies_curs-19-20_1erTrimestre.jpg\"><img loading=\"lazy\" decoding=\"async\" class=\"aligncenter  wp-image-2527\" src=\"https:\/\/agora.xtec.cat\/ceipmarianao\/wp-content\/uploads\/usu17\/2019\/11\/Programaci\u00f3-Formaci\u00f3-a-Fam\u00edlies_curs-19-20_1erTrimestre-196x300.jpg\" alt=\"\" width=\"269\" height=\"412\" srcset=\"https:\/\/agora.xtec.cat\/ceipmarianao\/wp-content\/uploads\/usu17\/2019\/11\/Programaci\u00f3-Formaci\u00f3-a-Fam\u00edlies_curs-19-20_1erTrimestre-196x300.jpg 196w, https:\/\/agora.xtec.cat\/ceipmarianao\/wp-content\/uploads\/usu17\/2019\/11\/Programaci\u00f3-Formaci\u00f3-a-Fam\u00edlies_curs-19-20_1erTrimestre-768x1173.jpg 768w, https:\/\/agora.xtec.cat\/ceipmarianao\/wp-content\/uploads\/usu17\/2019\/11\/Programaci\u00f3-Formaci\u00f3-a-Fam\u00edlies_curs-19-20_1erTrimestre-670x1024.jpg 670w, https:\/\/agora.xtec.cat\/ceipmarianao\/wp-content\/uploads\/usu17\/2019\/11\/Programaci\u00f3-Formaci\u00f3-a-Fam\u00edlies_curs-19-20_1erTrimestre.jpg 800w\" sizes=\"auto, (max-width: 269px) 100vw, 269px\" \/><\/a><\/p>\n","protected":false},"excerpt":{"rendered":"<p>Aqu\u00ed us deixem la programaci\u00f3 de les activitats del Programa de Formaci\u00f3 a Fam\u00edlies &#8220;Escola Municipal de Mares i Pares 2019-2020&#8221;.<br \/>\nEl programa s&#8217;adre\u00e7a a totes les fam\u00edlies, especialment a les mares i pares que estiguin interessats a compartir espais de reflexi\u00f3 i ampliar coneixements en&hellip;  <a href=\"https:\/\/agora.xtec.cat\/ceipmarianao\/general\/programa-de-formacio-a-families-2019-2020\/\" title=\"Read PROGRAMA DE FORMACI\u00d3 A FAM\u00cdLIES 2019-2020\">Llegeix m\u00e9s\u00bb<\/a><\/p>\n","protected":false},"author":3,"featured_media":0,"comment_status":"closed","ping_status":"closed","sticky":false,"template":"","format":"standard","meta":{"_bbp_topic_count":0,"_bbp_reply_count":0,"_bbp_total_topic_count":0,"_bbp_total_reply_count":0,"_bbp_voice_count":0,"_bbp_anonymous_reply_count":0,"_bbp_topic_count_hidden":0,"_bbp_reply_count_hidden":0,"_bbp_forum_subforum_count":0,"footnotes":""},"categories":[1,28,4],"tags":[],"class_list":["post-2526","post","type-post","status-publish","format-standard","hentry","category-general","category-noticies-portada","category-portada"],"post_mailing_queue_ids":[],"_links":{"self":[{"href":"https:\/\/agora.xtec.cat\/ceipmarianao\/wp-json\/wp\/v2\/posts\/2526","targetHints":{"allow":["GET"]}}],"collection":[{"href":"https:\/\/agora.xtec.cat\/ceipmarianao\/wp-json\/wp\/v2\/posts"}],"about":[{"href":"https:\/\/agora.xtec.cat\/ceipmarianao\/wp-json\/wp\/v2\/types\/post"}],"author":[{"embeddable":true,"href":"https:\/\/agora.xtec.cat\/ceipmarianao\/wp-json\/wp\/v2\/users\/3"}],"replies":[{"embeddable":true,"href":"https:\/\/agora.xtec.cat\/ceipmarianao\/wp-json\/wp\/v2\/comments?post=2526"}],"version-history":[{"count":1,"href":"https:\/\/agora.xtec.cat\/ceipmarianao\/wp-json\/wp\/v2\/posts\/2526\/revisions"}],"predecessor-version":[{"id":2528,"href":"https:\/\/agora.xtec.cat\/ceipmarianao\/wp-json\/wp\/v2\/posts\/2526\/revisions\/2528"}],"wp:attachment":[{"href":"https:\/\/agora.xtec.cat\/ceipmarianao\/wp-json\/wp\/v2\/media?parent=2526"}],"wp:term":[{"taxonomy":"category","embeddable":true,"href":"https:\/\/agora.xtec.cat\/ceipmarianao\/wp-json\/wp\/v2\/categories?post=2526"},{"taxonomy":"post_tag","embeddable":true,"href":"https:\/\/agora.xtec.cat\/ceipmarianao\/wp-json\/wp\/v2\/tags?post=2526"}],"curies":[{"name":"wp","href":"https:\/\/api.w.org\/{rel}","templated":true}]}}