{"id":2517,"date":"2019-10-31T17:13:19","date_gmt":"2019-10-31T16:13:19","guid":{"rendered":"https:\/\/agora.xtec.cat\/ceipmarianao\/?p=2517"},"modified":"2025-10-14T19:57:05","modified_gmt":"2025-10-14T17:57:05","slug":"castanyada","status":"publish","type":"post","link":"https:\/\/agora.xtec.cat\/ceipmarianao\/general\/castanyada\/","title":{"rendered":"CASTANYADA"},"content":{"rendered":"<p style=\"text-align: justify;\">Avui, dijous 31 d\u2019octubre, hem celebrat la Castanyada i Halloween. Al mat\u00ed, amb la col\u00b7laboraci\u00f3 de familiars voluntaris, els infants han elaborat el berenar de tardor que, a la tarda, despr\u00e9s de les ja tradicionals danses, ens hem menjat. Ha estat una festa molt divertida, gr\u00e0cies per fer-la possible. BONA CASTANYADA!<\/p>\n<p>&nbsp;<\/p>\n<p style=\"text-align: justify;\"><a href=\"https:\/\/agora.xtec.cat\/ceipmarianao\/wp-content\/uploads\/usu17\/2019\/10\/Castanyada.jpg\"><img loading=\"lazy\" decoding=\"async\" class=\"aligncenter size-medium wp-image-2518\" src=\"https:\/\/agora.xtec.cat\/ceipmarianao\/wp-content\/uploads\/usu17\/2019\/10\/Castanyada-300x292.jpg\" alt=\"\" width=\"300\" height=\"292\" srcset=\"https:\/\/agora.xtec.cat\/ceipmarianao\/wp-content\/uploads\/usu17\/2019\/10\/Castanyada-300x292.jpg 300w, https:\/\/agora.xtec.cat\/ceipmarianao\/wp-content\/uploads\/usu17\/2019\/10\/Castanyada.jpg 360w\" sizes=\"auto, (max-width: 300px) 100vw, 300px\" \/><\/a><\/p>\n","protected":false},"excerpt":{"rendered":"<p>Avui, dijous 31 d\u2019octubre, hem celebrat la Castanyada i Halloween. Al mat\u00ed, amb la col\u00b7laboraci\u00f3 de familiars voluntaris, els infants han elaborat el berenar de tardor que, a la tarda, despr\u00e9s de les ja tradicionals danses, ens hem menjat. Ha estat una festa molt divertida,&hellip;  <a href=\"https:\/\/agora.xtec.cat\/ceipmarianao\/general\/castanyada\/\" title=\"Read CASTANYADA\">Llegeix m\u00e9s\u00bb<\/a><\/p>\n","protected":false},"author":3,"featured_media":0,"comment_status":"closed","ping_status":"closed","sticky":false,"template":"","format":"standard","meta":{"_bbp_topic_count":0,"_bbp_reply_count":0,"_bbp_total_topic_count":0,"_bbp_total_reply_count":0,"_bbp_voice_count":0,"_bbp_anonymous_reply_count":0,"_bbp_topic_count_hidden":0,"_bbp_reply_count_hidden":0,"_bbp_forum_subforum_count":0,"footnotes":""},"categories":[1,28,4],"tags":[],"class_list":["post-2517","post","type-post","status-publish","format-standard","hentry","category-general","category-noticies-portada","category-portada"],"post_mailing_queue_ids":[],"_links":{"self":[{"href":"https:\/\/agora.xtec.cat\/ceipmarianao\/wp-json\/wp\/v2\/posts\/2517","targetHints":{"allow":["GET"]}}],"collection":[{"href":"https:\/\/agora.xtec.cat\/ceipmarianao\/wp-json\/wp\/v2\/posts"}],"about":[{"href":"https:\/\/agora.xtec.cat\/ceipmarianao\/wp-json\/wp\/v2\/types\/post"}],"author":[{"embeddable":true,"href":"https:\/\/agora.xtec.cat\/ceipmarianao\/wp-json\/wp\/v2\/users\/3"}],"replies":[{"embeddable":true,"href":"https:\/\/agora.xtec.cat\/ceipmarianao\/wp-json\/wp\/v2\/comments?post=2517"}],"version-history":[{"count":4,"href":"https:\/\/agora.xtec.cat\/ceipmarianao\/wp-json\/wp\/v2\/posts\/2517\/revisions"}],"predecessor-version":[{"id":5473,"href":"https:\/\/agora.xtec.cat\/ceipmarianao\/wp-json\/wp\/v2\/posts\/2517\/revisions\/5473"}],"wp:attachment":[{"href":"https:\/\/agora.xtec.cat\/ceipmarianao\/wp-json\/wp\/v2\/media?parent=2517"}],"wp:term":[{"taxonomy":"category","embeddable":true,"href":"https:\/\/agora.xtec.cat\/ceipmarianao\/wp-json\/wp\/v2\/categories?post=2517"},{"taxonomy":"post_tag","embeddable":true,"href":"https:\/\/agora.xtec.cat\/ceipmarianao\/wp-json\/wp\/v2\/tags?post=2517"}],"curies":[{"name":"wp","href":"https:\/\/api.w.org\/{rel}","templated":true}]}}