{"id":2474,"date":"2019-10-25T13:41:56","date_gmt":"2019-10-25T11:41:56","guid":{"rendered":"https:\/\/agora.xtec.cat\/ceipmarianao\/?p=2474"},"modified":"2025-10-14T19:57:50","modified_gmt":"2025-10-14T17:57:50","slug":"v-edicio-la-vuelta-al-cole","status":"publish","type":"post","link":"https:\/\/agora.xtec.cat\/ceipmarianao\/general\/v-edicio-la-vuelta-al-cole\/","title":{"rendered":"V EDICI\u00d3 LA VUELTA AL COLE"},"content":{"rendered":"<p style=\"text-align: justify;\">Com la majoria de vosaltres ja sabeu, el curs passat vam participar a la &#8220;IV Edici\u00f3n de la vuelta al cole&#8221;. Es tracta d&#8217;una iniciativa on la Fundaci\u00f3 Unoentrecienmil convida a totes les escoles d\u2019Espanya a organitzar una carrera solid\u00e0ria (no competitiva), per c\u00f3rrer en contra de la leuc\u00e8mia infantil.\u00a0 Aquest curs es fa divendres 25 d&#8217;octubre. Alumnes, familiars, amics, amigues, mestres, personal no docent&#8230; Tothom est\u00e0 convidat a la que ser\u00e0 la \u201cV Edici\u00f3n de la vuelta al cole\u201d.<\/p>\n<p style=\"text-align: justify;\">A data d\u2019avui s\u2019han adherit a la carrera 849 escoles que estaran fent la carrera el mateix dia per a una mateixa causa.<\/p>\n<p style=\"text-align: justify;\">Podeu col\u2022laborar amb 1\u20ac per participar-hi (o la quantitat que desitgeu) a canvi d\u2019un dorsal que lluirem tots i totes. Aquest dia tothom guanyar\u00e0! \u00c9s per aquest motiu que es lliuraran diplomes per premiar l\u2019esfor\u00e7 i la participaci\u00f3 en aquest moviment.<\/p>\n<p style=\"text-align: justify;\">Recordeu que la leuc\u00e8mia \u00e9s una enemiga massa forta per a un sol infant, per\u00f2 no per a cent mil.<\/p>\n<p style=\"text-align: justify;\">Per si voleu m\u00e9s informaci\u00f3 sobre el projecte, aqu\u00ed us deixem l&#8217;enlla\u00e7 de la Fundaci\u00f3:<\/p>\n<p style=\"text-align: justify;\"><a href=\"https:\/\/www.lavueltaalcole.com\/\" data-saferedirecturl=\"https:\/\/www.google.com\/url?q=https:\/\/www.lavueltaalcole.com\/&amp;source=gmail&amp;ust=1572089632824000&amp;usg=AFQjCNHSgVVw09esj5Dmprqnw7rzYE0bTA\">https:\/\/www.lavueltaalcole.com\/<\/a><\/p>\n<p style=\"text-align: justify;\"><a href=\"https:\/\/agora.xtec.cat\/ceipmarianao\/wp-content\/uploads\/usu17\/2019\/10\/cartell.jpg\"><img loading=\"lazy\" decoding=\"async\" class=\"wp-image-2475 alignleft\" src=\"https:\/\/agora.xtec.cat\/ceipmarianao\/wp-content\/uploads\/usu17\/2019\/10\/cartell-215x300.jpg\" alt=\"\" width=\"141\" height=\"197\" srcset=\"https:\/\/agora.xtec.cat\/ceipmarianao\/wp-content\/uploads\/usu17\/2019\/10\/cartell-215x300.jpg 215w, https:\/\/agora.xtec.cat\/ceipmarianao\/wp-content\/uploads\/usu17\/2019\/10\/cartell.jpg 609w\" sizes=\"auto, (max-width: 141px) 100vw, 141px\" \/><\/a><\/p>\n<p style=\"text-align: justify;\">Mil gr\u00e0cies per la vostra participaci\u00f3 a la cursa de divendres a favor de la investigaci\u00f3 contra la leuc\u00e8mia infantil.<\/p>\n<p style=\"text-align: justify;\">Gr\u00e0cies a tots i totes ha estat tot un \u00e8xit, hem tornat a demostrar que: JUNTS, TOT \u00c9S POSSIBLE! i que <a href=\"https:\/\/drive.google.com\/file\/d\/1FhN57pClFZTdn3AaoNl2i2kEr9xn9Cvx\/view?usp=sharing\">JUNTOS SOMOS M\u00c1S FUERTES!<\/a><\/p>\n<p style=\"text-align: justify;\">Hem recaptat 491,85\u20ac que ingressarem a favor de la\u00a0Fundaci\u00f3 Unoentrecienmil.<\/p>\n","protected":false},"excerpt":{"rendered":"<p>Com la majoria de vosaltres ja sabeu, el curs passat vam participar a la &#8220;IV Edici\u00f3n de la vuelta al cole&#8221;. Es tracta d&#8217;una iniciativa on la Fundaci\u00f3 Unoentrecienmil convida a totes les escoles d\u2019Espanya a organitzar una carrera solid\u00e0ria (no competitiva), per c\u00f3rrer en&hellip;  <a href=\"https:\/\/agora.xtec.cat\/ceipmarianao\/general\/v-edicio-la-vuelta-al-cole\/\" title=\"Read V EDICI\u00d3 LA VUELTA AL COLE\">Llegeix m\u00e9s\u00bb<\/a><\/p>\n","protected":false},"author":3,"featured_media":0,"comment_status":"closed","ping_status":"closed","sticky":false,"template":"","format":"standard","meta":{"_bbp_topic_count":0,"_bbp_reply_count":0,"_bbp_total_topic_count":0,"_bbp_total_reply_count":0,"_bbp_voice_count":0,"_bbp_anonymous_reply_count":0,"_bbp_topic_count_hidden":0,"_bbp_reply_count_hidden":0,"_bbp_forum_subforum_count":0,"footnotes":""},"categories":[1,28,4],"tags":[],"class_list":["post-2474","post","type-post","status-publish","format-standard","hentry","category-general","category-noticies-portada","category-portada"],"post_mailing_queue_ids":[],"_links":{"self":[{"href":"https:\/\/agora.xtec.cat\/ceipmarianao\/wp-json\/wp\/v2\/posts\/2474","targetHints":{"allow":["GET"]}}],"collection":[{"href":"https:\/\/agora.xtec.cat\/ceipmarianao\/wp-json\/wp\/v2\/posts"}],"about":[{"href":"https:\/\/agora.xtec.cat\/ceipmarianao\/wp-json\/wp\/v2\/types\/post"}],"author":[{"embeddable":true,"href":"https:\/\/agora.xtec.cat\/ceipmarianao\/wp-json\/wp\/v2\/users\/3"}],"replies":[{"embeddable":true,"href":"https:\/\/agora.xtec.cat\/ceipmarianao\/wp-json\/wp\/v2\/comments?post=2474"}],"version-history":[{"count":5,"href":"https:\/\/agora.xtec.cat\/ceipmarianao\/wp-json\/wp\/v2\/posts\/2474\/revisions"}],"predecessor-version":[{"id":5474,"href":"https:\/\/agora.xtec.cat\/ceipmarianao\/wp-json\/wp\/v2\/posts\/2474\/revisions\/5474"}],"wp:attachment":[{"href":"https:\/\/agora.xtec.cat\/ceipmarianao\/wp-json\/wp\/v2\/media?parent=2474"}],"wp:term":[{"taxonomy":"category","embeddable":true,"href":"https:\/\/agora.xtec.cat\/ceipmarianao\/wp-json\/wp\/v2\/categories?post=2474"},{"taxonomy":"post_tag","embeddable":true,"href":"https:\/\/agora.xtec.cat\/ceipmarianao\/wp-json\/wp\/v2\/tags?post=2474"}],"curies":[{"name":"wp","href":"https:\/\/api.w.org\/{rel}","templated":true}]}}