{"id":2468,"date":"2019-10-25T13:30:57","date_gmt":"2019-10-25T11:30:57","guid":{"rendered":"https:\/\/agora.xtec.cat\/ceipmarianao\/?p=2468"},"modified":"2019-10-25T13:42:45","modified_gmt":"2019-10-25T11:42:45","slug":"sessio-comunicacio-tactica-mediacio-families","status":"publish","type":"post","link":"https:\/\/agora.xtec.cat\/ceipmarianao\/general\/sessio-comunicacio-tactica-mediacio-families\/","title":{"rendered":"SESSI\u00d3 COMUNICACI\u00d3 T\u00c0CTICA MEDIACI\u00d3 FAM\u00cdLIES"},"content":{"rendered":"<p style=\"text-align: justify;\">Arran d&#8217;una prova pilot que es va fer el curs passat al centre, aquest curs hem decidit endegar el projecte &#8220;Irrupci\u00f3 Restaurativa&#8221;, dissenyat per l&#8217;equip de Conviv\u00e8ncia i Mediaci\u00f3 de l&#8217;Ajuntament conjuntament amb la direcci\u00f3 de l&#8217;Escola (inclou formaci\u00f3 per a docents, familiars i alumnes que puguin exercir el suport entre iguals i l&#8217;ajut entre companys i companyes amb una metodologia espec\u00edfica, la restaurativa, especialment indicada per a la gesti\u00f3 de conflictes lleus i moderats).<\/p>\n<p style=\"text-align: justify;\">Ahir, dijous 24 d&#8217;octubre, a les 17 h, va tenir lloc una sessi\u00f3 per transmetre-us habilitats per a la comunicaci\u00f3 amb els vostres fills i filles en moments dif\u00edcils i a exercir en el dia a dia la vostra autoritat com a mares i pares de manera persuasiva, a trav\u00e9s de la comunicaci\u00f3 afectiva. Hi ha prevista una segona sessi\u00f3 per a dijous 14 de novembre a la mateixa hora. Participeu-hi!<span style=\"font-size: small;\"><br \/>\n<\/span><\/p>\n<p><a href=\"https:\/\/agora.xtec.cat\/ceipmarianao\/wp-content\/uploads\/usu17\/2019\/10\/33580388-0fec-412c-acfb-b34048267f87.jpg\"><img loading=\"lazy\" decoding=\"async\" class=\"aligncenter wp-image-2469\" src=\"https:\/\/agora.xtec.cat\/ceipmarianao\/wp-content\/uploads\/usu17\/2019\/10\/33580388-0fec-412c-acfb-b34048267f87-300x225.jpg\" alt=\"\" width=\"270\" height=\"202\" srcset=\"https:\/\/agora.xtec.cat\/ceipmarianao\/wp-content\/uploads\/usu17\/2019\/10\/33580388-0fec-412c-acfb-b34048267f87-300x225.jpg 300w, https:\/\/agora.xtec.cat\/ceipmarianao\/wp-content\/uploads\/usu17\/2019\/10\/33580388-0fec-412c-acfb-b34048267f87-768x576.jpg 768w, https:\/\/agora.xtec.cat\/ceipmarianao\/wp-content\/uploads\/usu17\/2019\/10\/33580388-0fec-412c-acfb-b34048267f87-1024x768.jpg 1024w, https:\/\/agora.xtec.cat\/ceipmarianao\/wp-content\/uploads\/usu17\/2019\/10\/33580388-0fec-412c-acfb-b34048267f87-200x150.jpg 200w, https:\/\/agora.xtec.cat\/ceipmarianao\/wp-content\/uploads\/usu17\/2019\/10\/33580388-0fec-412c-acfb-b34048267f87.jpg 1600w\" sizes=\"auto, (max-width: 270px) 100vw, 270px\" \/><\/a> <a href=\"https:\/\/agora.xtec.cat\/ceipmarianao\/wp-content\/uploads\/usu17\/2019\/10\/baeba2c4-35dc-466c-a58c-0499b5367a6e.jpg\"><img loading=\"lazy\" decoding=\"async\" class=\"aligncenter wp-image-2470\" src=\"https:\/\/agora.xtec.cat\/ceipmarianao\/wp-content\/uploads\/usu17\/2019\/10\/baeba2c4-35dc-466c-a58c-0499b5367a6e-300x225.jpg\" alt=\"\" width=\"270\" height=\"202\" srcset=\"https:\/\/agora.xtec.cat\/ceipmarianao\/wp-content\/uploads\/usu17\/2019\/10\/baeba2c4-35dc-466c-a58c-0499b5367a6e-300x225.jpg 300w, https:\/\/agora.xtec.cat\/ceipmarianao\/wp-content\/uploads\/usu17\/2019\/10\/baeba2c4-35dc-466c-a58c-0499b5367a6e-768x576.jpg 768w, https:\/\/agora.xtec.cat\/ceipmarianao\/wp-content\/uploads\/usu17\/2019\/10\/baeba2c4-35dc-466c-a58c-0499b5367a6e-1024x768.jpg 1024w, https:\/\/agora.xtec.cat\/ceipmarianao\/wp-content\/uploads\/usu17\/2019\/10\/baeba2c4-35dc-466c-a58c-0499b5367a6e-200x150.jpg 200w, https:\/\/agora.xtec.cat\/ceipmarianao\/wp-content\/uploads\/usu17\/2019\/10\/baeba2c4-35dc-466c-a58c-0499b5367a6e.jpg 1600w\" sizes=\"auto, (max-width: 270px) 100vw, 270px\" \/><\/a> <a href=\"https:\/\/agora.xtec.cat\/ceipmarianao\/wp-content\/uploads\/usu17\/2019\/10\/IMG_20191024_1706411.jpg\"><img loading=\"lazy\" decoding=\"async\" class=\"aligncenter wp-image-2471\" src=\"https:\/\/agora.xtec.cat\/ceipmarianao\/wp-content\/uploads\/usu17\/2019\/10\/IMG_20191024_1706411-300x225.jpg\" alt=\"\" width=\"270\" height=\"203\" srcset=\"https:\/\/agora.xtec.cat\/ceipmarianao\/wp-content\/uploads\/usu17\/2019\/10\/IMG_20191024_1706411-300x225.jpg 300w, https:\/\/agora.xtec.cat\/ceipmarianao\/wp-content\/uploads\/usu17\/2019\/10\/IMG_20191024_1706411-768x576.jpg 768w, https:\/\/agora.xtec.cat\/ceipmarianao\/wp-content\/uploads\/usu17\/2019\/10\/IMG_20191024_1706411-1024x768.jpg 1024w, https:\/\/agora.xtec.cat\/ceipmarianao\/wp-content\/uploads\/usu17\/2019\/10\/IMG_20191024_1706411-200x150.jpg 200w, https:\/\/agora.xtec.cat\/ceipmarianao\/wp-content\/uploads\/usu17\/2019\/10\/IMG_20191024_1706411.jpg 2000w\" sizes=\"auto, (max-width: 270px) 100vw, 270px\" \/><\/a><\/p>\n","protected":false},"excerpt":{"rendered":"<p>Arran d&#8217;una prova pilot que es va fer el curs passat al centre, aquest curs hem decidit endegar el projecte &#8220;Irrupci\u00f3 Restaurativa&#8221;, dissenyat per l&#8217;equip de Conviv\u00e8ncia i Mediaci\u00f3 de l&#8217;Ajuntament conjuntament amb la direcci\u00f3 de l&#8217;Escola (inclou formaci\u00f3 per a docents, familiars i alumnes&hellip;  <a href=\"https:\/\/agora.xtec.cat\/ceipmarianao\/general\/sessio-comunicacio-tactica-mediacio-families\/\" title=\"Read SESSI\u00d3 COMUNICACI\u00d3 T\u00c0CTICA MEDIACI\u00d3 FAM\u00cdLIES\">Llegeix m\u00e9s\u00bb<\/a><\/p>\n","protected":false},"author":3,"featured_media":0,"comment_status":"closed","ping_status":"closed","sticky":false,"template":"","format":"standard","meta":{"_bbp_topic_count":0,"_bbp_reply_count":0,"_bbp_total_topic_count":0,"_bbp_total_reply_count":0,"_bbp_voice_count":0,"_bbp_anonymous_reply_count":0,"_bbp_topic_count_hidden":0,"_bbp_reply_count_hidden":0,"_bbp_forum_subforum_count":0,"footnotes":""},"categories":[1,28,4],"tags":[],"class_list":["post-2468","post","type-post","status-publish","format-standard","hentry","category-general","category-noticies-portada","category-portada"],"post_mailing_queue_ids":[],"_links":{"self":[{"href":"https:\/\/agora.xtec.cat\/ceipmarianao\/wp-json\/wp\/v2\/posts\/2468","targetHints":{"allow":["GET"]}}],"collection":[{"href":"https:\/\/agora.xtec.cat\/ceipmarianao\/wp-json\/wp\/v2\/posts"}],"about":[{"href":"https:\/\/agora.xtec.cat\/ceipmarianao\/wp-json\/wp\/v2\/types\/post"}],"author":[{"embeddable":true,"href":"https:\/\/agora.xtec.cat\/ceipmarianao\/wp-json\/wp\/v2\/users\/3"}],"replies":[{"embeddable":true,"href":"https:\/\/agora.xtec.cat\/ceipmarianao\/wp-json\/wp\/v2\/comments?post=2468"}],"version-history":[{"count":3,"href":"https:\/\/agora.xtec.cat\/ceipmarianao\/wp-json\/wp\/v2\/posts\/2468\/revisions"}],"predecessor-version":[{"id":2477,"href":"https:\/\/agora.xtec.cat\/ceipmarianao\/wp-json\/wp\/v2\/posts\/2468\/revisions\/2477"}],"wp:attachment":[{"href":"https:\/\/agora.xtec.cat\/ceipmarianao\/wp-json\/wp\/v2\/media?parent=2468"}],"wp:term":[{"taxonomy":"category","embeddable":true,"href":"https:\/\/agora.xtec.cat\/ceipmarianao\/wp-json\/wp\/v2\/categories?post=2468"},{"taxonomy":"post_tag","embeddable":true,"href":"https:\/\/agora.xtec.cat\/ceipmarianao\/wp-json\/wp\/v2\/tags?post=2468"}],"curies":[{"name":"wp","href":"https:\/\/api.w.org\/{rel}","templated":true}]}}