{"id":2404,"date":"2019-09-06T14:26:17","date_gmt":"2019-09-06T12:26:17","guid":{"rendered":"http:\/\/agora.xtec.cat\/ceipmarianao\/?p=2404"},"modified":"2019-09-09T10:04:44","modified_gmt":"2019-09-09T08:04:44","slug":"bon-inici-de-curs-2019-2020","status":"publish","type":"post","link":"https:\/\/agora.xtec.cat\/ceipmarianao\/general\/bon-inici-de-curs-2019-2020\/","title":{"rendered":"BON INICI DE CURS 2019-2020!!!"},"content":{"rendered":"<p style=\"text-align: justify;\">Desitgem que l&#8217;estiu hagi anat\u00a0genial i que tingueu tanta il\u00b7lusi\u00f3 com nosaltres que comenci el nou curs.<\/p>\n<p style=\"text-align: justify;\">Recordeu que us esperem dijous 12 de setembre a les 9 h.<\/p>\n<p style=\"text-align: justify;\"><a href=\"https:\/\/drive.google.com\/file\/d\/1g9JpdBvp3E0omm-6Mani7MPAb59eZ5I6\/view?usp=sharing\">Aqu\u00ed<\/a> teniu la informaci\u00f3 d&#8217;inter\u00e8s per a l&#8217;inici de curs 2019-2020 i el full d&#8217;autoritzaci\u00f3 de sortida i de recollida.<\/p>\n<p style=\"text-align: justify;\"><a href=\"https:\/\/agora.xtec.cat\/ceipmarianao\/wp-content\/uploads\/usu17\/2019\/09\/BON-INICI-DE-CURS-1024x403.jpg\"><img loading=\"lazy\" decoding=\"async\" class=\"aligncenter wp-image-2406\" src=\"https:\/\/agora.xtec.cat\/ceipmarianao\/wp-content\/uploads\/usu17\/2019\/09\/BON-INICI-DE-CURS-1024x403-300x118.jpg\" alt=\"\" width=\"722\" height=\"284\" srcset=\"https:\/\/agora.xtec.cat\/ceipmarianao\/wp-content\/uploads\/usu17\/2019\/09\/BON-INICI-DE-CURS-1024x403-300x118.jpg 300w, https:\/\/agora.xtec.cat\/ceipmarianao\/wp-content\/uploads\/usu17\/2019\/09\/BON-INICI-DE-CURS-1024x403-768x302.jpg 768w, https:\/\/agora.xtec.cat\/ceipmarianao\/wp-content\/uploads\/usu17\/2019\/09\/BON-INICI-DE-CURS-1024x403.jpg 1024w\" sizes=\"auto, (max-width: 722px) 100vw, 722px\" \/><\/a><\/p>\n","protected":false},"excerpt":{"rendered":"<p>Desitgem que l&#8217;estiu hagi anat\u00a0genial i que tingueu tanta il\u00b7lusi\u00f3 com nosaltres que comenci el nou curs.<br \/>\nRecordeu que us esperem dijous 12 de setembre a les 9 h.<br \/>\n<a href=\"https:\/\/drive.google.com\/file\/d\/1g9JpdBvp3E0omm-6Mani7MPAb59eZ5I6\/view?usp=sharing\">Aqu\u00ed<\/a> teniu la informaci\u00f3 d&#8217;inter\u00e8s per a l&#8217;inici de curs 2019-2020 i el full d&#8217;autoritzaci\u00f3 de sortida&hellip;  <a href=\"https:\/\/agora.xtec.cat\/ceipmarianao\/general\/bon-inici-de-curs-2019-2020\/\" title=\"Read BON INICI DE CURS 2019-2020!!!\">Llegeix m\u00e9s\u00bb<\/a><\/p>\n","protected":false},"author":3,"featured_media":0,"comment_status":"closed","ping_status":"closed","sticky":false,"template":"","format":"standard","meta":{"_bbp_topic_count":0,"_bbp_reply_count":0,"_bbp_total_topic_count":0,"_bbp_total_reply_count":0,"_bbp_voice_count":0,"_bbp_anonymous_reply_count":0,"_bbp_topic_count_hidden":0,"_bbp_reply_count_hidden":0,"_bbp_forum_subforum_count":0,"footnotes":""},"categories":[1,28,4],"tags":[],"class_list":["post-2404","post","type-post","status-publish","format-standard","hentry","category-general","category-noticies-portada","category-portada"],"post_mailing_queue_ids":[],"_links":{"self":[{"href":"https:\/\/agora.xtec.cat\/ceipmarianao\/wp-json\/wp\/v2\/posts\/2404","targetHints":{"allow":["GET"]}}],"collection":[{"href":"https:\/\/agora.xtec.cat\/ceipmarianao\/wp-json\/wp\/v2\/posts"}],"about":[{"href":"https:\/\/agora.xtec.cat\/ceipmarianao\/wp-json\/wp\/v2\/types\/post"}],"author":[{"embeddable":true,"href":"https:\/\/agora.xtec.cat\/ceipmarianao\/wp-json\/wp\/v2\/users\/3"}],"replies":[{"embeddable":true,"href":"https:\/\/agora.xtec.cat\/ceipmarianao\/wp-json\/wp\/v2\/comments?post=2404"}],"version-history":[{"count":3,"href":"https:\/\/agora.xtec.cat\/ceipmarianao\/wp-json\/wp\/v2\/posts\/2404\/revisions"}],"predecessor-version":[{"id":2415,"href":"https:\/\/agora.xtec.cat\/ceipmarianao\/wp-json\/wp\/v2\/posts\/2404\/revisions\/2415"}],"wp:attachment":[{"href":"https:\/\/agora.xtec.cat\/ceipmarianao\/wp-json\/wp\/v2\/media?parent=2404"}],"wp:term":[{"taxonomy":"category","embeddable":true,"href":"https:\/\/agora.xtec.cat\/ceipmarianao\/wp-json\/wp\/v2\/categories?post=2404"},{"taxonomy":"post_tag","embeddable":true,"href":"https:\/\/agora.xtec.cat\/ceipmarianao\/wp-json\/wp\/v2\/tags?post=2404"}],"curies":[{"name":"wp","href":"https:\/\/api.w.org\/{rel}","templated":true}]}}