{"id":2346,"date":"2019-07-01T12:19:28","date_gmt":"2019-07-01T10:19:28","guid":{"rendered":"http:\/\/agora.xtec.cat\/ceipmarianao\/?p=2346"},"modified":"2019-07-01T13:06:21","modified_gmt":"2019-07-01T11:06:21","slug":"informacio-final-de-curs-2018-19-i-inici-de-curs-2019-20","status":"publish","type":"post","link":"https:\/\/agora.xtec.cat\/ceipmarianao\/general\/informacio-final-de-curs-2018-19-i-inici-de-curs-2019-20\/","title":{"rendered":"Recomanacions d&#8217;estiu i llibres de text 2019-20"},"content":{"rendered":"<p style=\"text-align: justify;\">S\u2019acaba el curs i, com sempre, us deixem unes recomanacions d\u2019estiu perqu\u00e8 no us avorriu, tot i que els \u00fanics deures haurien de ser gaudir de les vacances escolars&#8230; Tamb\u00e9 us deixem un enlla\u00e7 a les activitats infantils en fam\u00edlia que s&#8217;ofereixen a Sant Boi i als llibres de text de prim\u00e0ria per al curs vinent. Gaudiu de l\u2019estiu i dels vostres fills i filles!<\/p>\n<p><a href=\"https:\/\/agora.xtec.cat\/ceipmarianao\/wp-content\/uploads\/usu17\/2019\/07\/IMG-20180622-WA0004.jpg\"><img loading=\"lazy\" decoding=\"async\" class=\" wp-image-2350 alignleft\" src=\"https:\/\/agora.xtec.cat\/ceipmarianao\/wp-content\/uploads\/usu17\/2019\/07\/IMG-20180622-WA0004-169x300.jpg\" alt=\"\" width=\"212\" height=\"376\" srcset=\"https:\/\/agora.xtec.cat\/ceipmarianao\/wp-content\/uploads\/usu17\/2019\/07\/IMG-20180622-WA0004-169x300.jpg 169w, https:\/\/agora.xtec.cat\/ceipmarianao\/wp-content\/uploads\/usu17\/2019\/07\/IMG-20180622-WA0004-768x1366.jpg 768w, https:\/\/agora.xtec.cat\/ceipmarianao\/wp-content\/uploads\/usu17\/2019\/07\/IMG-20180622-WA0004-576x1024.jpg 576w, https:\/\/agora.xtec.cat\/ceipmarianao\/wp-content\/uploads\/usu17\/2019\/07\/IMG-20180622-WA0004.jpg 899w\" sizes=\"auto, (max-width: 212px) 100vw, 212px\" \/><\/a><a href=\"http:\/\/familiaiescola.gencat.cat\/ca\/recomanacions\/recomanacions\/estiu\/\">Recomanacions d&#8217;estiu<\/a><\/p>\n<p><a href=\"https:\/\/drive.google.com\/file\/d\/1shlHI-zj8_0GUQCbglPdyDTLvg1KDM6n\/view?usp=sharing\">Activitats infantils a Sant Boi<\/a><\/p>\n<p><a href=\"https:\/\/drive.google.com\/file\/d\/1UJQCPnVGeJ9eA1c-Cvkt9nl7EltzcClJ\/view?usp=sharing\">Llibres de text 1r<\/a><\/p>\n<p><a href=\"https:\/\/drive.google.com\/file\/d\/1l-CU-RpLaRSMbiVPzwfgj56qO8bp2Epc\/view?usp=sharing\">Llibres de text 2n<\/a><\/p>\n<p><a href=\"https:\/\/drive.google.com\/file\/d\/1sc3ctxr6qJty93cJTTL9tDLP5-Hym4if\/view?usp=sharing\">Llibres de text 3r<\/a><\/p>\n<p><a href=\"https:\/\/drive.google.com\/file\/d\/1-37Cs8uXRE-_QWNdOU5r1ghVsdxWPJGu\/view?usp=sharing\">Llibres de text 4t\u00a0<\/a><\/p>\n<p><a href=\"https:\/\/drive.google.com\/file\/d\/1V9EqV3k_mhP4W2gsPFkIziwwPQ8GczCY\/view?usp=sharing\">Llibres de text 5\u00e8<\/a><\/p>\n<p><a href=\"https:\/\/drive.google.com\/file\/d\/1R3A0H49wmF5i7PB1znzm6UElgRQbcxEs\/view?usp=sharing\">Llibres de text 6\u00e8<\/a><\/p>\n","protected":false},"excerpt":{"rendered":"<p>S\u2019acaba el curs i, com sempre, us deixem unes recomanacions d\u2019estiu perqu\u00e8 no us avorriu, tot i que els \u00fanics deures haurien de ser gaudir de les vacances escolars&#8230; Tamb\u00e9 us deixem un enlla\u00e7 a les activitats infantils en fam\u00edlia que s&#8217;ofereixen a Sant Boi&hellip;  <a href=\"https:\/\/agora.xtec.cat\/ceipmarianao\/general\/informacio-final-de-curs-2018-19-i-inici-de-curs-2019-20\/\" title=\"Read Recomanacions d&#8217;estiu i llibres de text 2019-20\">Llegeix m\u00e9s\u00bb<\/a><\/p>\n","protected":false},"author":3,"featured_media":0,"comment_status":"closed","ping_status":"closed","sticky":false,"template":"","format":"standard","meta":{"_bbp_topic_count":0,"_bbp_reply_count":0,"_bbp_total_topic_count":0,"_bbp_total_reply_count":0,"_bbp_voice_count":0,"_bbp_anonymous_reply_count":0,"_bbp_topic_count_hidden":0,"_bbp_reply_count_hidden":0,"_bbp_forum_subforum_count":0,"footnotes":""},"categories":[1,28,4],"tags":[],"class_list":["post-2346","post","type-post","status-publish","format-standard","hentry","category-general","category-noticies-portada","category-portada"],"post_mailing_queue_ids":[],"_links":{"self":[{"href":"https:\/\/agora.xtec.cat\/ceipmarianao\/wp-json\/wp\/v2\/posts\/2346","targetHints":{"allow":["GET"]}}],"collection":[{"href":"https:\/\/agora.xtec.cat\/ceipmarianao\/wp-json\/wp\/v2\/posts"}],"about":[{"href":"https:\/\/agora.xtec.cat\/ceipmarianao\/wp-json\/wp\/v2\/types\/post"}],"author":[{"embeddable":true,"href":"https:\/\/agora.xtec.cat\/ceipmarianao\/wp-json\/wp\/v2\/users\/3"}],"replies":[{"embeddable":true,"href":"https:\/\/agora.xtec.cat\/ceipmarianao\/wp-json\/wp\/v2\/comments?post=2346"}],"version-history":[{"count":4,"href":"https:\/\/agora.xtec.cat\/ceipmarianao\/wp-json\/wp\/v2\/posts\/2346\/revisions"}],"predecessor-version":[{"id":2354,"href":"https:\/\/agora.xtec.cat\/ceipmarianao\/wp-json\/wp\/v2\/posts\/2346\/revisions\/2354"}],"wp:attachment":[{"href":"https:\/\/agora.xtec.cat\/ceipmarianao\/wp-json\/wp\/v2\/media?parent=2346"}],"wp:term":[{"taxonomy":"category","embeddable":true,"href":"https:\/\/agora.xtec.cat\/ceipmarianao\/wp-json\/wp\/v2\/categories?post=2346"},{"taxonomy":"post_tag","embeddable":true,"href":"https:\/\/agora.xtec.cat\/ceipmarianao\/wp-json\/wp\/v2\/tags?post=2346"}],"curies":[{"name":"wp","href":"https:\/\/api.w.org\/{rel}","templated":true}]}}