{"id":2318,"date":"2019-05-09T11:58:51","date_gmt":"2019-05-09T09:58:51","guid":{"rendered":"http:\/\/agora.xtec.cat\/ceipmarianao\/?p=2318"},"modified":"2019-05-09T22:22:29","modified_gmt":"2019-05-09T20:22:29","slug":"jocs-florals-municipals","status":"publish","type":"post","link":"https:\/\/agora.xtec.cat\/ceipmarianao\/general\/jocs-florals-municipals\/","title":{"rendered":"Jocs Florals Municipals"},"content":{"rendered":"<p style=\"text-align: justify;\">Dimarts 7 de maig 60 infants de l&#8217;Escola (de 1r a 6\u00e8 de prim\u00e0ria) ens van representar als Jocs Florals del barri Marianao. Molt\u00edssimes felicitats a tots i totes, tant als que vau tenir premi com als que no. Sou uns guanyadors! Els que van obtenir un primer premi, a qualsevol de les modalitats, participaran a l&#8217;Acte final, que tindr\u00e0 lloc a Can Massallera, dimarts 28 de maig, o a les 17:30 h (de 1r a 3r) o a les 18:30 h (de 4t a 6\u00e8).<\/p>\n<p style=\"text-align: center;\"><a href=\"https:\/\/agora.xtec.cat\/ceipmarianao\/wp-content\/uploads\/usu17\/2019\/05\/unnamed.jpg\"><img loading=\"lazy\" decoding=\"async\" class=\"aligncenter size-medium wp-image-2319\" src=\"https:\/\/agora.xtec.cat\/ceipmarianao\/wp-content\/uploads\/usu17\/2019\/05\/unnamed-300x168.jpg\" alt=\"\" width=\"300\" height=\"168\" srcset=\"https:\/\/agora.xtec.cat\/ceipmarianao\/wp-content\/uploads\/usu17\/2019\/05\/unnamed-300x168.jpg 300w, https:\/\/agora.xtec.cat\/ceipmarianao\/wp-content\/uploads\/usu17\/2019\/05\/unnamed-768x431.jpg 768w, https:\/\/agora.xtec.cat\/ceipmarianao\/wp-content\/uploads\/usu17\/2019\/05\/unnamed-1024x575.jpg 1024w, https:\/\/agora.xtec.cat\/ceipmarianao\/wp-content\/uploads\/usu17\/2019\/05\/unnamed.jpg 1600w\" sizes=\"auto, (max-width: 300px) 100vw, 300px\" \/><\/a><\/p>\n","protected":false},"excerpt":{"rendered":"<p>Dimarts 7 de maig 60 infants de l&#8217;Escola (de 1r a 6\u00e8 de prim\u00e0ria) ens van representar als Jocs Florals del barri Marianao. Molt\u00edssimes felicitats a tots i totes, tant als que vau tenir premi com als que no. Sou uns guanyadors! Els que van&hellip;  <a href=\"https:\/\/agora.xtec.cat\/ceipmarianao\/general\/jocs-florals-municipals\/\" title=\"Read Jocs Florals Municipals\">Llegeix m\u00e9s\u00bb<\/a><\/p>\n","protected":false},"author":3,"featured_media":0,"comment_status":"closed","ping_status":"closed","sticky":false,"template":"","format":"standard","meta":{"_bbp_topic_count":0,"_bbp_reply_count":0,"_bbp_total_topic_count":0,"_bbp_total_reply_count":0,"_bbp_voice_count":0,"_bbp_anonymous_reply_count":0,"_bbp_topic_count_hidden":0,"_bbp_reply_count_hidden":0,"_bbp_forum_subforum_count":0,"footnotes":""},"categories":[1,28,4],"tags":[],"class_list":["post-2318","post","type-post","status-publish","format-standard","hentry","category-general","category-noticies-portada","category-portada"],"post_mailing_queue_ids":[],"_links":{"self":[{"href":"https:\/\/agora.xtec.cat\/ceipmarianao\/wp-json\/wp\/v2\/posts\/2318","targetHints":{"allow":["GET"]}}],"collection":[{"href":"https:\/\/agora.xtec.cat\/ceipmarianao\/wp-json\/wp\/v2\/posts"}],"about":[{"href":"https:\/\/agora.xtec.cat\/ceipmarianao\/wp-json\/wp\/v2\/types\/post"}],"author":[{"embeddable":true,"href":"https:\/\/agora.xtec.cat\/ceipmarianao\/wp-json\/wp\/v2\/users\/3"}],"replies":[{"embeddable":true,"href":"https:\/\/agora.xtec.cat\/ceipmarianao\/wp-json\/wp\/v2\/comments?post=2318"}],"version-history":[{"count":2,"href":"https:\/\/agora.xtec.cat\/ceipmarianao\/wp-json\/wp\/v2\/posts\/2318\/revisions"}],"predecessor-version":[{"id":2321,"href":"https:\/\/agora.xtec.cat\/ceipmarianao\/wp-json\/wp\/v2\/posts\/2318\/revisions\/2321"}],"wp:attachment":[{"href":"https:\/\/agora.xtec.cat\/ceipmarianao\/wp-json\/wp\/v2\/media?parent=2318"}],"wp:term":[{"taxonomy":"category","embeddable":true,"href":"https:\/\/agora.xtec.cat\/ceipmarianao\/wp-json\/wp\/v2\/categories?post=2318"},{"taxonomy":"post_tag","embeddable":true,"href":"https:\/\/agora.xtec.cat\/ceipmarianao\/wp-json\/wp\/v2\/tags?post=2318"}],"curies":[{"name":"wp","href":"https:\/\/api.w.org\/{rel}","templated":true}]}}