{"id":2312,"date":"2019-04-24T13:47:45","date_gmt":"2019-04-24T11:47:45","guid":{"rendered":"http:\/\/agora.xtec.cat\/ceipmarianao\/?p=2312"},"modified":"2019-08-28T13:46:34","modified_gmt":"2019-08-28T11:46:34","slug":"ajuts-de-menjador-curs-2019-2020","status":"publish","type":"post","link":"https:\/\/agora.xtec.cat\/ceipmarianao\/general\/ajuts-de-menjador-curs-2019-2020\/","title":{"rendered":"Ajuts de menjador curs 2019-2020"},"content":{"rendered":"<p>Des del Consell Comarcal del Baix Llobregat ens han comunicat que ha estat aprovada la convocat\u00f2ria dels<strong> ajuts individuals de menjador<\/strong> per al proper<strong> curs 2019-20.<\/strong><\/p>\n<p>Les bases d\u2019aquesta convocat\u00f2ria les podeu consultar al seg\u00fcent enlla\u00e7: <a href=\"http:\/\/www.elbaixllobregat.cat\" data-saferedirecturl=\"https:\/\/www.google.com\/url?hl=ca&amp;q=http:\/\/www.elbaixllobregat.cat&amp;source=gmail&amp;ust=1523718809171000&amp;usg=AFQjCNHWYmYKZTyU1EEWzrRC2s4AWfUtdA\">www.elbaixllobregat.cat<\/a>.<\/p>\n<p>Totes les fam\u00edlies interessades a sol\u00b7licitar aquest ajut poden descarregar la sol\u00b7licitud clicant <a href=\"https:\/\/drive.google.com\/file\/d\/1urg6ln92MSyYnA7yXrdpjWPb7gtpDors\/view?usp=sharing\">aqu\u00ed<\/a>, descarregar-la del web <a href=\"http:\/\/www.elbaixllobregat.cat\" data-saferedirecturl=\"https:\/\/www.google.com\/url?hl=ca&amp;q=http:\/\/www.elbaixllobregat.cat&amp;source=gmail&amp;ust=1523718809171000&amp;usg=AFQjCNHWYmYKZTyU1EEWzrRC2s4AWfUtdA\">www.elbaixllobregat.cat<\/a> o recollir-la a la secretaria de l\u2019escola. Aquesta sol\u00b7licitud amb la documentaci\u00f3 necess\u00e0ria s\u2019haur\u00e0 de lliurar<strong> entre dijous 25 d\u2019abril i dimecres 15 de maig<\/strong> a la secretaria del centre on estiguin matriculats o preinscrits els infants el curs vinent.<\/p>\n<p>L&#8217; horari de secretaria de l\u2019escola ser\u00e0 el seg\u00fcent:<\/p>\n<ul>\n<li>De dilluns a divendres de 9:15 h a 10 h i de 12:45 h\u00a0 a 14:00 h<\/li>\n<\/ul>\n<p>Aquest ajut el podran sol\u00b7licitar els i les alumnes d\u2019infantil i prim\u00e0ria aportant la documentaci\u00f3 que se sol\u00b7licita.<\/p>\n<p><strong>En el cas de germans\/es matriculats en un mateix centre i que sol\u00b7licitin ajuts de menjador es podr\u00e0 presentar una \u00fanica sol\u00b7licitud.<\/strong><\/p>\n<p>Excepcionalment, malgrat la matr\u00edcula de l\u2019alumnat nou no es far\u00e0 fins al mes de juny, si alguna fam\u00edlia reuneix els requisits que consten a la convocat\u00f2ria podr\u00e0 presentar, tamb\u00e9, la sol\u00b7licitud.<\/p>\n<p><a href=\"https:\/\/drive.google.com\/file\/d\/175fXf_p5-3lecvptEG3RFdhc_g6YOWu-\/view?usp=sharing\">Full informatiu convocat\u00f2ria ajuts menjador 2019-2020 (Consell Comarcal)<\/a><\/p>\n","protected":false},"excerpt":{"rendered":"<p>Des del Consell Comarcal del Baix Llobregat ens han comunicat que ha estat aprovada la convocat\u00f2ria dels ajuts individuals de menjador per al proper curs 2019-20.&hellip;  <a href=\"https:\/\/agora.xtec.cat\/ceipmarianao\/general\/ajuts-de-menjador-curs-2019-2020\/\" title=\"Read Ajuts de menjador curs 2019-2020\">Llegeix m\u00e9s\u00bb<\/a><\/p>\n","protected":false},"author":3,"featured_media":2338,"comment_status":"closed","ping_status":"closed","sticky":false,"template":"","format":"standard","meta":{"_bbp_topic_count":0,"_bbp_reply_count":0,"_bbp_total_topic_count":0,"_bbp_total_reply_count":0,"_bbp_voice_count":0,"_bbp_anonymous_reply_count":0,"_bbp_topic_count_hidden":0,"_bbp_reply_count_hidden":0,"_bbp_forum_subforum_count":0,"footnotes":""},"categories":[1,28,4],"tags":[],"class_list":["post-2312","post","type-post","status-publish","format-standard","has-post-thumbnail","hentry","category-general","category-noticies-portada","category-portada"],"post_mailing_queue_ids":[],"_links":{"self":[{"href":"https:\/\/agora.xtec.cat\/ceipmarianao\/wp-json\/wp\/v2\/posts\/2312","targetHints":{"allow":["GET"]}}],"collection":[{"href":"https:\/\/agora.xtec.cat\/ceipmarianao\/wp-json\/wp\/v2\/posts"}],"about":[{"href":"https:\/\/agora.xtec.cat\/ceipmarianao\/wp-json\/wp\/v2\/types\/post"}],"author":[{"embeddable":true,"href":"https:\/\/agora.xtec.cat\/ceipmarianao\/wp-json\/wp\/v2\/users\/3"}],"replies":[{"embeddable":true,"href":"https:\/\/agora.xtec.cat\/ceipmarianao\/wp-json\/wp\/v2\/comments?post=2312"}],"version-history":[{"count":3,"href":"https:\/\/agora.xtec.cat\/ceipmarianao\/wp-json\/wp\/v2\/posts\/2312\/revisions"}],"predecessor-version":[{"id":2391,"href":"https:\/\/agora.xtec.cat\/ceipmarianao\/wp-json\/wp\/v2\/posts\/2312\/revisions\/2391"}],"wp:featuredmedia":[{"embeddable":true,"href":"https:\/\/agora.xtec.cat\/ceipmarianao\/wp-json\/wp\/v2\/media\/2338"}],"wp:attachment":[{"href":"https:\/\/agora.xtec.cat\/ceipmarianao\/wp-json\/wp\/v2\/media?parent=2312"}],"wp:term":[{"taxonomy":"category","embeddable":true,"href":"https:\/\/agora.xtec.cat\/ceipmarianao\/wp-json\/wp\/v2\/categories?post=2312"},{"taxonomy":"post_tag","embeddable":true,"href":"https:\/\/agora.xtec.cat\/ceipmarianao\/wp-json\/wp\/v2\/tags?post=2312"}],"curies":[{"name":"wp","href":"https:\/\/api.w.org\/{rel}","templated":true}]}}