{"id":2287,"date":"2019-04-12T15:30:58","date_gmt":"2019-04-12T13:30:58","guid":{"rendered":"http:\/\/agora.xtec.cat\/ceipmarianao\/?p=2287"},"modified":"2025-10-14T19:59:59","modified_gmt":"2025-10-14T17:59:59","slug":"3r-dia-colonies-2019","status":"publish","type":"post","link":"https:\/\/agora.xtec.cat\/ceipmarianao\/general\/3r-dia-colonies-2019\/","title":{"rendered":"3r dia col\u00f2nies 2019"},"content":{"rendered":"<p style=\"text-align: justify;\">Avui divendres, abans d&#8217;esmorzar, els infants ja han recollit les seves habitacions i han fet les motxilles. Despr\u00e9s cada classe ha realitzat les activitats seg\u00fcents:<\/p>\n<p style=\"text-align: justify;\"><span style=\"font-family: inherit; font-size: 1em;\">P5 Visita a la granja.<\/span><\/p>\n<div dir=\"auto\" style=\"text-align: justify;\">\n<p style=\"text-align: justify;\"><span style=\"font-family: inherit; font-size: 1em;\">2n Elaboraci\u00f3 artesanal de melmelada de pera i tirolina.<\/span><\/p>\n<\/div>\n<div dir=\"auto\" style=\"text-align: justify;\">\n<p style=\"text-align: justify;\">4t Tir amb arc i tirolina al bosc.<\/p>\n<p style=\"text-align: justify;\">6\u00e8 H\u00edpica i &#8220;Jumper extrem&#8221;.<\/p>\n<p style=\"text-align: justify;\">Ara ja han dinat i tan aviat hi arribin els autocars tornaran a Sant Boi. Estan una mica cansats, per\u00f2 han estat tres dies plens d&#8217;aventures i de noves experi\u00e8ncies.<\/p>\n<p style=\"text-align: justify;\">S&#8217;ho han passat d&#8217;all\u00f2 m\u00e9s b\u00e9!!!<\/p>\n<\/div>\n<div dir=\"auto\"><a href=\"https:\/\/agora.xtec.cat\/ceipmarianao\/wp-content\/uploads\/usu17\/2019\/04\/IMG-20190412-WA0004-1.jpg\"><img loading=\"lazy\" decoding=\"async\" class=\"alignnone wp-image-2298\" src=\"https:\/\/agora.xtec.cat\/ceipmarianao\/wp-content\/uploads\/usu17\/2019\/04\/IMG-20190412-WA0004-1-1024x768.jpg\" alt=\"\" width=\"258\" height=\"193\" srcset=\"https:\/\/agora.xtec.cat\/ceipmarianao\/wp-content\/uploads\/usu17\/2019\/04\/IMG-20190412-WA0004-1-1024x768.jpg 1024w, https:\/\/agora.xtec.cat\/ceipmarianao\/wp-content\/uploads\/usu17\/2019\/04\/IMG-20190412-WA0004-1-300x225.jpg 300w, https:\/\/agora.xtec.cat\/ceipmarianao\/wp-content\/uploads\/usu17\/2019\/04\/IMG-20190412-WA0004-1-768x576.jpg 768w, https:\/\/agora.xtec.cat\/ceipmarianao\/wp-content\/uploads\/usu17\/2019\/04\/IMG-20190412-WA0004-1-200x150.jpg 200w, https:\/\/agora.xtec.cat\/ceipmarianao\/wp-content\/uploads\/usu17\/2019\/04\/IMG-20190412-WA0004-1.jpg 1600w\" sizes=\"auto, (max-width: 258px) 100vw, 258px\" \/><\/a> <a href=\"https:\/\/agora.xtec.cat\/ceipmarianao\/wp-content\/uploads\/usu17\/2019\/04\/IMG-20190412-WA0028.jpg\"><img loading=\"lazy\" decoding=\"async\" class=\"alignnone wp-image-2297\" src=\"https:\/\/agora.xtec.cat\/ceipmarianao\/wp-content\/uploads\/usu17\/2019\/04\/IMG-20190412-WA0028-1024x768.jpg\" alt=\"\" width=\"259\" height=\"194\" srcset=\"https:\/\/agora.xtec.cat\/ceipmarianao\/wp-content\/uploads\/usu17\/2019\/04\/IMG-20190412-WA0028-1024x768.jpg 1024w, https:\/\/agora.xtec.cat\/ceipmarianao\/wp-content\/uploads\/usu17\/2019\/04\/IMG-20190412-WA0028-300x225.jpg 300w, https:\/\/agora.xtec.cat\/ceipmarianao\/wp-content\/uploads\/usu17\/2019\/04\/IMG-20190412-WA0028-768x576.jpg 768w, https:\/\/agora.xtec.cat\/ceipmarianao\/wp-content\/uploads\/usu17\/2019\/04\/IMG-20190412-WA0028-200x150.jpg 200w, https:\/\/agora.xtec.cat\/ceipmarianao\/wp-content\/uploads\/usu17\/2019\/04\/IMG-20190412-WA0028.jpg 1600w\" sizes=\"auto, (max-width: 259px) 100vw, 259px\" \/><\/a> <a href=\"https:\/\/agora.xtec.cat\/ceipmarianao\/wp-content\/uploads\/usu17\/2019\/04\/IMG-20190412-WA0027.jpg\"><img loading=\"lazy\" decoding=\"async\" class=\"alignnone wp-image-2296\" src=\"https:\/\/agora.xtec.cat\/ceipmarianao\/wp-content\/uploads\/usu17\/2019\/04\/IMG-20190412-WA0027-1024x768.jpg\" alt=\"\" width=\"261\" height=\"196\" srcset=\"https:\/\/agora.xtec.cat\/ceipmarianao\/wp-content\/uploads\/usu17\/2019\/04\/IMG-20190412-WA0027-1024x768.jpg 1024w, https:\/\/agora.xtec.cat\/ceipmarianao\/wp-content\/uploads\/usu17\/2019\/04\/IMG-20190412-WA0027-300x225.jpg 300w, https:\/\/agora.xtec.cat\/ceipmarianao\/wp-content\/uploads\/usu17\/2019\/04\/IMG-20190412-WA0027-768x576.jpg 768w, https:\/\/agora.xtec.cat\/ceipmarianao\/wp-content\/uploads\/usu17\/2019\/04\/IMG-20190412-WA0027-200x150.jpg 200w, https:\/\/agora.xtec.cat\/ceipmarianao\/wp-content\/uploads\/usu17\/2019\/04\/IMG-20190412-WA0027.jpg 1600w\" sizes=\"auto, (max-width: 261px) 100vw, 261px\" \/><\/a> <a href=\"https:\/\/agora.xtec.cat\/ceipmarianao\/wp-content\/uploads\/usu17\/2019\/04\/IMG-20190412-WA0005.jpg\"><img loading=\"lazy\" decoding=\"async\" class=\"alignnone wp-image-2295\" src=\"https:\/\/agora.xtec.cat\/ceipmarianao\/wp-content\/uploads\/usu17\/2019\/04\/IMG-20190412-WA0005-1024x768.jpg\" alt=\"\" width=\"264\" height=\"198\" srcset=\"https:\/\/agora.xtec.cat\/ceipmarianao\/wp-content\/uploads\/usu17\/2019\/04\/IMG-20190412-WA0005-1024x768.jpg 1024w, https:\/\/agora.xtec.cat\/ceipmarianao\/wp-content\/uploads\/usu17\/2019\/04\/IMG-20190412-WA0005-300x225.jpg 300w, https:\/\/agora.xtec.cat\/ceipmarianao\/wp-content\/uploads\/usu17\/2019\/04\/IMG-20190412-WA0005-768x576.jpg 768w, https:\/\/agora.xtec.cat\/ceipmarianao\/wp-content\/uploads\/usu17\/2019\/04\/IMG-20190412-WA0005-200x150.jpg 200w, https:\/\/agora.xtec.cat\/ceipmarianao\/wp-content\/uploads\/usu17\/2019\/04\/IMG-20190412-WA0005.jpg 1600w\" sizes=\"auto, (max-width: 264px) 100vw, 264px\" \/><\/a><\/div>\n","protected":false},"excerpt":{"rendered":"<p>Avui divendres, abans d&#8217;esmorzar, els infants ja han recollit les seves habitacions i han fet les motxilles. Despr\u00e9s cada classe ha realitzat les activitats seg\u00fcents:&hellip;  <a href=\"https:\/\/agora.xtec.cat\/ceipmarianao\/general\/3r-dia-colonies-2019\/\" title=\"Read 3r dia col\u00f2nies 2019\">Llegeix m\u00e9s\u00bb<\/a><\/p>\n","protected":false},"author":1,"featured_media":0,"comment_status":"closed","ping_status":"closed","sticky":false,"template":"","format":"standard","meta":{"_bbp_topic_count":0,"_bbp_reply_count":0,"_bbp_total_topic_count":0,"_bbp_total_reply_count":0,"_bbp_voice_count":0,"_bbp_anonymous_reply_count":0,"_bbp_topic_count_hidden":0,"_bbp_reply_count_hidden":0,"_bbp_forum_subforum_count":0,"footnotes":""},"categories":[1,28,4],"tags":[],"class_list":["post-2287","post","type-post","status-publish","format-standard","hentry","category-general","category-noticies-portada","category-portada"],"post_mailing_queue_ids":[],"_links":{"self":[{"href":"https:\/\/agora.xtec.cat\/ceipmarianao\/wp-json\/wp\/v2\/posts\/2287","targetHints":{"allow":["GET"]}}],"collection":[{"href":"https:\/\/agora.xtec.cat\/ceipmarianao\/wp-json\/wp\/v2\/posts"}],"about":[{"href":"https:\/\/agora.xtec.cat\/ceipmarianao\/wp-json\/wp\/v2\/types\/post"}],"author":[{"embeddable":true,"href":"https:\/\/agora.xtec.cat\/ceipmarianao\/wp-json\/wp\/v2\/users\/1"}],"replies":[{"embeddable":true,"href":"https:\/\/agora.xtec.cat\/ceipmarianao\/wp-json\/wp\/v2\/comments?post=2287"}],"version-history":[{"count":5,"href":"https:\/\/agora.xtec.cat\/ceipmarianao\/wp-json\/wp\/v2\/posts\/2287\/revisions"}],"predecessor-version":[{"id":5477,"href":"https:\/\/agora.xtec.cat\/ceipmarianao\/wp-json\/wp\/v2\/posts\/2287\/revisions\/5477"}],"wp:attachment":[{"href":"https:\/\/agora.xtec.cat\/ceipmarianao\/wp-json\/wp\/v2\/media?parent=2287"}],"wp:term":[{"taxonomy":"category","embeddable":true,"href":"https:\/\/agora.xtec.cat\/ceipmarianao\/wp-json\/wp\/v2\/categories?post=2287"},{"taxonomy":"post_tag","embeddable":true,"href":"https:\/\/agora.xtec.cat\/ceipmarianao\/wp-json\/wp\/v2\/tags?post=2287"}],"curies":[{"name":"wp","href":"https:\/\/api.w.org\/{rel}","templated":true}]}}