{"id":2277,"date":"2019-04-12T09:44:35","date_gmt":"2019-04-12T07:44:35","guid":{"rendered":"http:\/\/agora.xtec.cat\/ceipmarianao\/?p=2277"},"modified":"2025-10-14T20:01:40","modified_gmt":"2025-10-14T18:01:40","slug":"2n-dia-colonies-2019","status":"publish","type":"post","link":"https:\/\/agora.xtec.cat\/ceipmarianao\/general\/2n-dia-colonies-2019\/","title":{"rendered":"2n dia col\u00f2nies 2019"},"content":{"rendered":"<p style=\"text-align: justify;\">Primer dia i primera nit superada! Els infants de P5 han passejat pel bosc i han observat i conegut algunes plantes pr\u00f2pies del bosc mediterrani. Despr\u00e9s han fet un circuit d&#8217;aventura i han buscat &#8220;gamusinos&#8221;.<\/p>\n<p style=\"text-align: justify;\">Els nens i les nenes de segon han visitat la granja, han buscat un tresor pel bosc superant unes proves i, a la tarda, han realitzat &#8220;la gran pista americana&#8221;. Ha estat un dia molt emocionant!<\/p>\n<p style=\"text-align: justify;\">Els i les alumnes de quart han elaborat galetes al taller de pastisseria i han realitzat l&#8217;activitat \u201cJumper extrem\u201d, que consistia a escalar un t\u00f2tem i despr\u00e9s saltar al buit. A la tarda, han visitat el Castell de Moncl\u00fas, conjuntament amb els nens i nenes de sis\u00e8.<\/p>\n<p style=\"text-align: justify;\">Els infants de sis\u00e8 han realitzat, al mat\u00ed, escalada i tirolina.<\/p>\n<p style=\"text-align: justify;\">A la nit tots i totes han realitzat jocs de nit i han ballat a la discoteca, s&#8217;ho han passat d&#8217;all\u00f2 m\u00e9s b\u00e9. Aix\u00f2 ja s&#8217;acaba, avui ja tornem a l&#8217;Escola!<\/p>\n","protected":false},"excerpt":{"rendered":"<p>Primer dia i primera nit superada! Els infants de P5 han passejat pel bosc i han observat i conegut algunes plantes pr\u00f2pies del bosc mediterrani. Despr\u00e9s han fet un circuit d&#8217;aventura i han buscat &#8220;gamusinos&#8221;.<br \/>\nEls nens i les nenes de segon han visitat la granja,&hellip;  <a href=\"https:\/\/agora.xtec.cat\/ceipmarianao\/general\/2n-dia-colonies-2019\/\" title=\"Read 2n dia col\u00f2nies 2019\">Llegeix m\u00e9s\u00bb<\/a><\/p>\n","protected":false},"author":3,"featured_media":0,"comment_status":"closed","ping_status":"closed","sticky":false,"template":"","format":"standard","meta":{"_bbp_topic_count":0,"_bbp_reply_count":0,"_bbp_total_topic_count":0,"_bbp_total_reply_count":0,"_bbp_voice_count":0,"_bbp_anonymous_reply_count":0,"_bbp_topic_count_hidden":0,"_bbp_reply_count_hidden":0,"_bbp_forum_subforum_count":0,"footnotes":""},"categories":[1,28,4],"tags":[],"class_list":["post-2277","post","type-post","status-publish","format-standard","hentry","category-general","category-noticies-portada","category-portada"],"post_mailing_queue_ids":[],"_links":{"self":[{"href":"https:\/\/agora.xtec.cat\/ceipmarianao\/wp-json\/wp\/v2\/posts\/2277","targetHints":{"allow":["GET"]}}],"collection":[{"href":"https:\/\/agora.xtec.cat\/ceipmarianao\/wp-json\/wp\/v2\/posts"}],"about":[{"href":"https:\/\/agora.xtec.cat\/ceipmarianao\/wp-json\/wp\/v2\/types\/post"}],"author":[{"embeddable":true,"href":"https:\/\/agora.xtec.cat\/ceipmarianao\/wp-json\/wp\/v2\/users\/3"}],"replies":[{"embeddable":true,"href":"https:\/\/agora.xtec.cat\/ceipmarianao\/wp-json\/wp\/v2\/comments?post=2277"}],"version-history":[{"count":4,"href":"https:\/\/agora.xtec.cat\/ceipmarianao\/wp-json\/wp\/v2\/posts\/2277\/revisions"}],"predecessor-version":[{"id":5478,"href":"https:\/\/agora.xtec.cat\/ceipmarianao\/wp-json\/wp\/v2\/posts\/2277\/revisions\/5478"}],"wp:attachment":[{"href":"https:\/\/agora.xtec.cat\/ceipmarianao\/wp-json\/wp\/v2\/media?parent=2277"}],"wp:term":[{"taxonomy":"category","embeddable":true,"href":"https:\/\/agora.xtec.cat\/ceipmarianao\/wp-json\/wp\/v2\/categories?post=2277"},{"taxonomy":"post_tag","embeddable":true,"href":"https:\/\/agora.xtec.cat\/ceipmarianao\/wp-json\/wp\/v2\/tags?post=2277"}],"curies":[{"name":"wp","href":"https:\/\/api.w.org\/{rel}","templated":true}]}}