{"id":2231,"date":"2019-03-22T16:15:40","date_gmt":"2019-03-22T15:15:40","guid":{"rendered":"http:\/\/agora.xtec.cat\/ceipmarianao\/?p=2231"},"modified":"2019-03-22T16:15:40","modified_gmt":"2019-03-22T15:15:40","slug":"dia-internacional-de-la-sindrome-de-down","status":"publish","type":"post","link":"https:\/\/agora.xtec.cat\/ceipmarianao\/general\/dia-internacional-de-la-sindrome-de-down\/","title":{"rendered":"Dia internacional de la s\u00edndrome de down"},"content":{"rendered":"<p style=\"text-align: justify;\">Dijous 21 de mar\u00e7 vam celebrar el dia internacional de la s\u00edndrome de down. Amb una acci\u00f3 f\u00e0cil, com la de portar mitjons diferents, vam aportar, d&#8217;una manera molt divertida, el nostre granet <span class=\"il\">de<\/span> sorra per aconseguir un m\u00f3n m\u00e9s inclusiu.<\/p>\n<p><a href=\"https:\/\/agora.xtec.cat\/ceipmarianao\/wp-content\/uploads\/usu17\/2019\/03\/IMG-20190312-WA0002.jpg\"><img loading=\"lazy\" decoding=\"async\" class=\"wp-image-2232 alignleft\" src=\"https:\/\/agora.xtec.cat\/ceipmarianao\/wp-content\/uploads\/usu17\/2019\/03\/IMG-20190312-WA0002-724x1024.jpg\" alt=\"\" width=\"219\" height=\"310\" srcset=\"https:\/\/agora.xtec.cat\/ceipmarianao\/wp-content\/uploads\/usu17\/2019\/03\/IMG-20190312-WA0002-724x1024.jpg 724w, https:\/\/agora.xtec.cat\/ceipmarianao\/wp-content\/uploads\/usu17\/2019\/03\/IMG-20190312-WA0002-212x300.jpg 212w, https:\/\/agora.xtec.cat\/ceipmarianao\/wp-content\/uploads\/usu17\/2019\/03\/IMG-20190312-WA0002-768x1086.jpg 768w, https:\/\/agora.xtec.cat\/ceipmarianao\/wp-content\/uploads\/usu17\/2019\/03\/IMG-20190312-WA0002.jpg 1131w\" sizes=\"auto, (max-width: 219px) 100vw, 219px\" \/><\/a><a href=\"https:\/\/agora.xtec.cat\/ceipmarianao\/wp-content\/uploads\/usu17\/2019\/03\/IMG-20190322-WA0005.jpg\"><img loading=\"lazy\" decoding=\"async\" class=\"alignnone  wp-image-2237\" src=\"https:\/\/agora.xtec.cat\/ceipmarianao\/wp-content\/uploads\/usu17\/2019\/03\/IMG-20190322-WA0005.jpg\" alt=\"\" width=\"249\" height=\"332\" srcset=\"https:\/\/agora.xtec.cat\/ceipmarianao\/wp-content\/uploads\/usu17\/2019\/03\/IMG-20190322-WA0005.jpg 300w, https:\/\/agora.xtec.cat\/ceipmarianao\/wp-content\/uploads\/usu17\/2019\/03\/IMG-20190322-WA0005-225x300.jpg 225w\" sizes=\"auto, (max-width: 249px) 100vw, 249px\" \/><\/a><\/p>\n<p>&nbsp;<\/p>\n<p>&nbsp;<\/p>\n","protected":false},"excerpt":{"rendered":"<p>Dijous 21 de mar\u00e7 vam celebrar el dia internacional de la s\u00edndrome de down. Amb una acci\u00f3 f\u00e0cil, com la de portar mitjons diferents, vam aportar, d&#8217;una manera molt divertida, el nostre granet de sorra per aconseguir un m\u00f3n m\u00e9s inclusiu.<br \/>\n<a href=\"https:\/\/agora.xtec.cat\/ceipmarianao\/wp-content\/uploads\/usu17\/2019\/03\/IMG-20190312-WA0002.jpg\"><\/a><a href=\"https:\/\/agora.xtec.cat\/ceipmarianao\/wp-content\/uploads\/usu17\/2019\/03\/IMG-20190322-WA0005.jpg\"><\/a><br \/>\n&nbsp;<br \/>\n&nbsp;<\/p>\n","protected":false},"author":1,"featured_media":0,"comment_status":"closed","ping_status":"closed","sticky":false,"template":"","format":"standard","meta":{"_bbp_topic_count":0,"_bbp_reply_count":0,"_bbp_total_topic_count":0,"_bbp_total_reply_count":0,"_bbp_voice_count":0,"_bbp_anonymous_reply_count":0,"_bbp_topic_count_hidden":0,"_bbp_reply_count_hidden":0,"_bbp_forum_subforum_count":0,"footnotes":""},"categories":[1,28,4],"tags":[],"class_list":["post-2231","post","type-post","status-publish","format-standard","hentry","category-general","category-noticies-portada","category-portada"],"post_mailing_queue_ids":[],"_links":{"self":[{"href":"https:\/\/agora.xtec.cat\/ceipmarianao\/wp-json\/wp\/v2\/posts\/2231","targetHints":{"allow":["GET"]}}],"collection":[{"href":"https:\/\/agora.xtec.cat\/ceipmarianao\/wp-json\/wp\/v2\/posts"}],"about":[{"href":"https:\/\/agora.xtec.cat\/ceipmarianao\/wp-json\/wp\/v2\/types\/post"}],"author":[{"embeddable":true,"href":"https:\/\/agora.xtec.cat\/ceipmarianao\/wp-json\/wp\/v2\/users\/1"}],"replies":[{"embeddable":true,"href":"https:\/\/agora.xtec.cat\/ceipmarianao\/wp-json\/wp\/v2\/comments?post=2231"}],"version-history":[{"count":3,"href":"https:\/\/agora.xtec.cat\/ceipmarianao\/wp-json\/wp\/v2\/posts\/2231\/revisions"}],"predecessor-version":[{"id":2238,"href":"https:\/\/agora.xtec.cat\/ceipmarianao\/wp-json\/wp\/v2\/posts\/2231\/revisions\/2238"}],"wp:attachment":[{"href":"https:\/\/agora.xtec.cat\/ceipmarianao\/wp-json\/wp\/v2\/media?parent=2231"}],"wp:term":[{"taxonomy":"category","embeddable":true,"href":"https:\/\/agora.xtec.cat\/ceipmarianao\/wp-json\/wp\/v2\/categories?post=2231"},{"taxonomy":"post_tag","embeddable":true,"href":"https:\/\/agora.xtec.cat\/ceipmarianao\/wp-json\/wp\/v2\/tags?post=2231"}],"curies":[{"name":"wp","href":"https:\/\/api.w.org\/{rel}","templated":true}]}}