{"id":2159,"date":"2019-02-18T13:34:04","date_gmt":"2019-02-18T12:34:04","guid":{"rendered":"http:\/\/agora.xtec.cat\/ceipmarianao\/?p=2159"},"modified":"2019-02-18T13:34:04","modified_gmt":"2019-02-18T12:34:04","slug":"bibliopati","status":"publish","type":"post","link":"https:\/\/agora.xtec.cat\/ceipmarianao\/general\/bibliopati\/","title":{"rendered":"Bibliopati"},"content":{"rendered":"<p style=\"text-align: justify;\">Estrenem bibliopati! Un espai <em>chillout<\/em> on els infants de Prim\u00e0ria, de 1r a 6\u00e8, poden consultar llibres, contes i c\u00f2mics, relaxadament, durant l\u2019estona d\u2019esbarjo.<\/p>\n<p style=\"text-align: justify;\">Aquesta primera setmana (del 18 al 22 de febrer) hi aniran passant, per grups-classe o per cicles, els diferents infants de l\u2019escola i a partir del 25 de febrer hi aniran lliurement aquells que ho desitgin.<\/p>\n<p style=\"text-align: justify;\">Esperem que aquesta iniciativa per fomentar el gust per la lectura els agradi i sigui tot un \u00e8xit!<\/p>\n<p style=\"text-align: center;\"><a href=\"https:\/\/agora.xtec.cat\/ceipmarianao\/wp-content\/uploads\/usu17\/2019\/02\/Bibliopati.jpg\"><img loading=\"lazy\" decoding=\"async\" class=\"aligncenter  wp-image-2160\" src=\"https:\/\/agora.xtec.cat\/ceipmarianao\/wp-content\/uploads\/usu17\/2019\/02\/Bibliopati-300x224.jpg\" alt=\"\" width=\"396\" height=\"296\" srcset=\"https:\/\/agora.xtec.cat\/ceipmarianao\/wp-content\/uploads\/usu17\/2019\/02\/Bibliopati-300x224.jpg 300w, https:\/\/agora.xtec.cat\/ceipmarianao\/wp-content\/uploads\/usu17\/2019\/02\/Bibliopati-768x574.jpg 768w, https:\/\/agora.xtec.cat\/ceipmarianao\/wp-content\/uploads\/usu17\/2019\/02\/Bibliopati-1024x765.jpg 1024w, https:\/\/agora.xtec.cat\/ceipmarianao\/wp-content\/uploads\/usu17\/2019\/02\/Bibliopati-200x150.jpg 200w, https:\/\/agora.xtec.cat\/ceipmarianao\/wp-content\/uploads\/usu17\/2019\/02\/Bibliopati.jpg 1600w\" sizes=\"auto, (max-width: 396px) 100vw, 396px\" \/><\/a><\/p>\n","protected":false},"excerpt":{"rendered":"<p>Estrenem bibliopati! Un espai chillout on els infants de Prim\u00e0ria, de 1r a 6\u00e8, poden consultar llibres, contes i c\u00f2mics, relaxadament, durant l\u2019estona d\u2019esbarjo.<br \/>\nAquesta primera setmana (del 18 al 22 de febrer) hi aniran passant, per grups-classe o per cicles, els diferents infants de l\u2019escola&hellip;  <a href=\"https:\/\/agora.xtec.cat\/ceipmarianao\/general\/bibliopati\/\" title=\"Read Bibliopati\">Llegeix m\u00e9s\u00bb<\/a><\/p>\n","protected":false},"author":3,"featured_media":0,"comment_status":"closed","ping_status":"closed","sticky":false,"template":"","format":"standard","meta":{"_bbp_topic_count":0,"_bbp_reply_count":0,"_bbp_total_topic_count":0,"_bbp_total_reply_count":0,"_bbp_voice_count":0,"_bbp_anonymous_reply_count":0,"_bbp_topic_count_hidden":0,"_bbp_reply_count_hidden":0,"_bbp_forum_subforum_count":0,"footnotes":""},"categories":[1,28,4],"tags":[],"class_list":["post-2159","post","type-post","status-publish","format-standard","hentry","category-general","category-noticies-portada","category-portada"],"post_mailing_queue_ids":[],"_links":{"self":[{"href":"https:\/\/agora.xtec.cat\/ceipmarianao\/wp-json\/wp\/v2\/posts\/2159","targetHints":{"allow":["GET"]}}],"collection":[{"href":"https:\/\/agora.xtec.cat\/ceipmarianao\/wp-json\/wp\/v2\/posts"}],"about":[{"href":"https:\/\/agora.xtec.cat\/ceipmarianao\/wp-json\/wp\/v2\/types\/post"}],"author":[{"embeddable":true,"href":"https:\/\/agora.xtec.cat\/ceipmarianao\/wp-json\/wp\/v2\/users\/3"}],"replies":[{"embeddable":true,"href":"https:\/\/agora.xtec.cat\/ceipmarianao\/wp-json\/wp\/v2\/comments?post=2159"}],"version-history":[{"count":1,"href":"https:\/\/agora.xtec.cat\/ceipmarianao\/wp-json\/wp\/v2\/posts\/2159\/revisions"}],"predecessor-version":[{"id":2161,"href":"https:\/\/agora.xtec.cat\/ceipmarianao\/wp-json\/wp\/v2\/posts\/2159\/revisions\/2161"}],"wp:attachment":[{"href":"https:\/\/agora.xtec.cat\/ceipmarianao\/wp-json\/wp\/v2\/media?parent=2159"}],"wp:term":[{"taxonomy":"category","embeddable":true,"href":"https:\/\/agora.xtec.cat\/ceipmarianao\/wp-json\/wp\/v2\/categories?post=2159"},{"taxonomy":"post_tag","embeddable":true,"href":"https:\/\/agora.xtec.cat\/ceipmarianao\/wp-json\/wp\/v2\/tags?post=2159"}],"curies":[{"name":"wp","href":"https:\/\/api.w.org\/{rel}","templated":true}]}}