{"id":2147,"date":"2019-02-12T13:14:12","date_gmt":"2019-02-12T12:14:12","guid":{"rendered":"http:\/\/agora.xtec.cat\/ceipmarianao\/?p=2147"},"modified":"2019-07-01T12:17:52","modified_gmt":"2019-07-01T10:17:52","slug":"jornada-de-portes-obertes-i-preinscripcio-curs-2019-2020","status":"publish","type":"post","link":"https:\/\/agora.xtec.cat\/ceipmarianao\/general\/jornada-de-portes-obertes-i-preinscripcio-curs-2019-2020\/","title":{"rendered":"Jornada de Portes Obertes, preinscripci\u00f3 i matr\u00edcula curs 2019-2020"},"content":{"rendered":"<p style=\"text-align: justify;\">El n\u00famero de desempat per a la preinscripci\u00f3 del curs 2019-2010 \u00e9s el:<\/p>\n<h1 style=\"text-align: center;\"><span style=\"color: #ff0000;\"><strong>140.574<\/strong><\/span><\/h1>\n<p>&nbsp;<\/p>\n<p><a href=\"https:\/\/agora.xtec.cat\/ceipmarianao\/wp-content\/uploads\/usu17\/2019\/02\/triptic1.jpg\"><img loading=\"lazy\" decoding=\"async\" class=\"wp-image-2200 alignleft\" src=\"https:\/\/agora.xtec.cat\/ceipmarianao\/wp-content\/uploads\/usu17\/2019\/02\/triptic1-300x213.jpg\" alt=\"\" width=\"241\" height=\"171\" srcset=\"https:\/\/agora.xtec.cat\/ceipmarianao\/wp-content\/uploads\/usu17\/2019\/02\/triptic1-300x213.jpg 300w, https:\/\/agora.xtec.cat\/ceipmarianao\/wp-content\/uploads\/usu17\/2019\/02\/triptic1-768x545.jpg 768w, https:\/\/agora.xtec.cat\/ceipmarianao\/wp-content\/uploads\/usu17\/2019\/02\/triptic1-1024x726.jpg 1024w, https:\/\/agora.xtec.cat\/ceipmarianao\/wp-content\/uploads\/usu17\/2019\/02\/triptic1.jpg 1231w\" sizes=\"auto, (max-width: 241px) 100vw, 241px\" \/><\/a><a href=\"https:\/\/agora.xtec.cat\/ceipmarianao\/wp-content\/uploads\/usu17\/2019\/02\/triptic2.jpg\"><img loading=\"lazy\" decoding=\"async\" class=\" wp-image-2201 alignleft\" src=\"https:\/\/agora.xtec.cat\/ceipmarianao\/wp-content\/uploads\/usu17\/2019\/02\/triptic2-300x212.jpg\" alt=\"\" width=\"244\" height=\"172\" srcset=\"https:\/\/agora.xtec.cat\/ceipmarianao\/wp-content\/uploads\/usu17\/2019\/02\/triptic2-300x212.jpg 300w, https:\/\/agora.xtec.cat\/ceipmarianao\/wp-content\/uploads\/usu17\/2019\/02\/triptic2-768x542.jpg 768w, https:\/\/agora.xtec.cat\/ceipmarianao\/wp-content\/uploads\/usu17\/2019\/02\/triptic2-1024x722.jpg 1024w, https:\/\/agora.xtec.cat\/ceipmarianao\/wp-content\/uploads\/usu17\/2019\/02\/triptic2.jpg 1235w\" sizes=\"auto, (max-width: 244px) 100vw, 244px\" \/><\/a><\/p>\n<p>&nbsp;<\/p>\n<p>&nbsp;<\/p>\n<p>&nbsp;<\/p>\n<p>&nbsp;<\/p>\n<p><a href=\"https:\/\/agora.xtec.cat\/ceipmarianao\/wp-content\/uploads\/usu17\/2019\/02\/Sin-t\u00edtulo-2.png\"><img loading=\"lazy\" decoding=\"async\" class=\"wp-image-2196 alignleft\" src=\"https:\/\/agora.xtec.cat\/ceipmarianao\/wp-content\/uploads\/usu17\/2019\/02\/Sin-t\u00edtulo-2-300x204.png\" alt=\"\" width=\"362\" height=\"246\" srcset=\"https:\/\/agora.xtec.cat\/ceipmarianao\/wp-content\/uploads\/usu17\/2019\/02\/Sin-t\u00edtulo-2-300x204.png 300w, https:\/\/agora.xtec.cat\/ceipmarianao\/wp-content\/uploads\/usu17\/2019\/02\/Sin-t\u00edtulo-2-768x523.png 768w, https:\/\/agora.xtec.cat\/ceipmarianao\/wp-content\/uploads\/usu17\/2019\/02\/Sin-t\u00edtulo-2.png 969w\" sizes=\"auto, (max-width: 362px) 100vw, 362px\" \/><\/a><\/p>\n<p>&nbsp;<\/p>\n<p>&nbsp;<\/p>\n<p>&nbsp;<\/p>\n<p>&nbsp;<\/p>\n<p>&nbsp;<\/p>\n<p>&nbsp;<\/p>\n<p style=\"text-align: justify;\">La<span style=\"color: #000000;\"> presentaci\u00f3 de <\/span><a href=\"https:\/\/drive.google.com\/file\/d\/10pX2yjmfjj0Q2ky7C4jw9nn6Y9nQjaPf\/view?usp=sharing\">sol\u00b7licituds<\/a>, del 29 de mar\u00e7 al 9 d&#8217;abril, es far\u00e0 al despatx de direcci\u00f3 (ja podeu demanar dia i hora personalment o trucant al centre al tel\u00e8fon: 936401163). Haureu de venir amb els infants (en el cas dels que cursaran P3). <a href=\"https:\/\/drive.google.com\/file\/d\/1DRstQzoEd-c-G0gL7QMUzwgwJ0mVJd2v\/view?usp=sharing\">Aqu\u00ed<\/a> podeu consultar la documentaci\u00f3 que cal que porteu i el barem dels diferents criteris.<\/p>\n<p style=\"text-align: justify;\">La Jornada de Portes Obertes ser\u00e0<strong> dijous 21 de mar\u00e7<\/strong>, a les 9:30 h i a les 17:00 h (hi haur\u00e0 dues opcions d&#8217;assist\u00e8ncia).<\/p>\n<p style=\"text-align: justify;\">Si teniu fills\/es nascuts l&#8217;any 2016 (han de fer P3) no oblideu fer la preinscripci\u00f3 dins del termini especificat anteriorment (<span style=\"text-decoration: underline;\">el fet que hi hagi un\/a germ\u00e0\/na escolaritzat\/da al centre no eximeix de fer-la<\/span>).<\/p>\n<p style=\"text-align: justify;\">Aqu\u00ed us deixem els \u00faltims v\u00eddeos que hem fet servir a les Jornades de Portes Obertes perqu\u00e8, si us ve de gust, els mireu i ens conegueu una mica m\u00e9s:<\/p>\n<p><iframe loading=\"lazy\" title=\"Jornada de Portes Obertes\" width=\"500\" height=\"281\" src=\"https:\/\/www.youtube.com\/embed\/YBv5DsAg0AY?feature=oembed\" frameborder=\"0\" allow=\"accelerometer; autoplay; clipboard-write; encrypted-media; gyroscope; picture-in-picture; web-share\" referrerpolicy=\"strict-origin-when-cross-origin\" allowfullscreen><\/iframe><\/p>\n<p><iframe loading=\"lazy\" title=\"Jornada de Portes Obertes 2018\" width=\"500\" height=\"281\" src=\"https:\/\/www.youtube.com\/embed\/q6DMyKzf0rU?feature=oembed\" frameborder=\"0\" allow=\"accelerometer; autoplay; clipboard-write; encrypted-media; gyroscope; picture-in-picture; web-share\" referrerpolicy=\"strict-origin-when-cross-origin\" allowfullscreen><\/iframe><\/p>\n","protected":false},"excerpt":{"rendered":"<p>Aqu\u00ed trobareu totes les dades de preinscripci\u00f3 per al curs 2019-2020&hellip;  <a href=\"https:\/\/agora.xtec.cat\/ceipmarianao\/general\/jornada-de-portes-obertes-i-preinscripcio-curs-2019-2020\/\" title=\"Read Jornada de Portes Obertes, preinscripci\u00f3 i matr\u00edcula curs 2019-2020\">Llegeix m\u00e9s\u00bb<\/a><\/p>\n","protected":false},"author":3,"featured_media":2336,"comment_status":"closed","ping_status":"closed","sticky":false,"template":"","format":"standard","meta":{"_bbp_topic_count":0,"_bbp_reply_count":0,"_bbp_total_topic_count":0,"_bbp_total_reply_count":0,"_bbp_voice_count":0,"_bbp_anonymous_reply_count":0,"_bbp_topic_count_hidden":0,"_bbp_reply_count_hidden":0,"_bbp_forum_subforum_count":0,"footnotes":""},"categories":[1,28,4],"tags":[],"class_list":["post-2147","post","type-post","status-publish","format-standard","has-post-thumbnail","hentry","category-general","category-noticies-portada","category-portada"],"post_mailing_queue_ids":[],"_links":{"self":[{"href":"https:\/\/agora.xtec.cat\/ceipmarianao\/wp-json\/wp\/v2\/posts\/2147","targetHints":{"allow":["GET"]}}],"collection":[{"href":"https:\/\/agora.xtec.cat\/ceipmarianao\/wp-json\/wp\/v2\/posts"}],"about":[{"href":"https:\/\/agora.xtec.cat\/ceipmarianao\/wp-json\/wp\/v2\/types\/post"}],"author":[{"embeddable":true,"href":"https:\/\/agora.xtec.cat\/ceipmarianao\/wp-json\/wp\/v2\/users\/3"}],"replies":[{"embeddable":true,"href":"https:\/\/agora.xtec.cat\/ceipmarianao\/wp-json\/wp\/v2\/comments?post=2147"}],"version-history":[{"count":3,"href":"https:\/\/agora.xtec.cat\/ceipmarianao\/wp-json\/wp\/v2\/posts\/2147\/revisions"}],"predecessor-version":[{"id":2337,"href":"https:\/\/agora.xtec.cat\/ceipmarianao\/wp-json\/wp\/v2\/posts\/2147\/revisions\/2337"}],"wp:featuredmedia":[{"embeddable":true,"href":"https:\/\/agora.xtec.cat\/ceipmarianao\/wp-json\/wp\/v2\/media\/2336"}],"wp:attachment":[{"href":"https:\/\/agora.xtec.cat\/ceipmarianao\/wp-json\/wp\/v2\/media?parent=2147"}],"wp:term":[{"taxonomy":"category","embeddable":true,"href":"https:\/\/agora.xtec.cat\/ceipmarianao\/wp-json\/wp\/v2\/categories?post=2147"},{"taxonomy":"post_tag","embeddable":true,"href":"https:\/\/agora.xtec.cat\/ceipmarianao\/wp-json\/wp\/v2\/tags?post=2147"}],"curies":[{"name":"wp","href":"https:\/\/api.w.org\/{rel}","templated":true}]}}