{"id":2140,"date":"2019-01-31T11:02:53","date_gmt":"2019-01-31T10:02:53","guid":{"rendered":"http:\/\/agora.xtec.cat\/ceipmarianao\/?p=2140"},"modified":"2019-01-31T11:02:53","modified_gmt":"2019-01-31T10:02:53","slug":"dia-de-la-pau","status":"publish","type":"post","link":"https:\/\/agora.xtec.cat\/ceipmarianao\/general\/dia-de-la-pau\/","title":{"rendered":"DIA DE LA PAU"},"content":{"rendered":"<p style=\"text-align: justify;\">Com ja sabeu, el 30 de gener se celebra el\u00a0<a href=\"https:\/\/barrejant.cat\/2019\/01\/tallers-contes-i-teatre-per-celebrar-la-setmana-escolar-de-la-noviolencia-i-la-pau-2019\/\">Dia Escolar de la No-viol\u00e8ncia i la Pau (DENIP)<\/a>, data en la qual es commemora l\u2019aniversari de la mort del pensador pacifista Mahatma Gandhi.<\/p>\n<p style=\"text-align: justify;\">A l&#8217;escola hem decidit penjar desitjos de pau als arbres de la zona de p\u00edcnic del pati de Prim\u00e0ria<\/p>\n<p style=\"text-align: justify;\">A m\u00e9s, els m\u00e9s petits han apr\u00e8s una can\u00e7\u00f3 relacionada amb la PAU: <em>Som amics <\/em>i els m\u00e9s grans han treballat Gandhi.<em><br \/>\n<\/em><\/p>\n<p style=\"text-align: center;\"><a href=\"https:\/\/agora.xtec.cat\/ceipmarianao\/wp-content\/uploads\/usu17\/2019\/01\/2.jpg\"><img loading=\"lazy\" decoding=\"async\" class=\"aligncenter size-medium wp-image-2142\" src=\"https:\/\/agora.xtec.cat\/ceipmarianao\/wp-content\/uploads\/usu17\/2019\/01\/2-300x225.jpg\" alt=\"\" width=\"300\" height=\"225\" srcset=\"https:\/\/agora.xtec.cat\/ceipmarianao\/wp-content\/uploads\/usu17\/2019\/01\/2-300x225.jpg 300w, https:\/\/agora.xtec.cat\/ceipmarianao\/wp-content\/uploads\/usu17\/2019\/01\/2-768x576.jpg 768w, https:\/\/agora.xtec.cat\/ceipmarianao\/wp-content\/uploads\/usu17\/2019\/01\/2-1024x768.jpg 1024w, https:\/\/agora.xtec.cat\/ceipmarianao\/wp-content\/uploads\/usu17\/2019\/01\/2-200x150.jpg 200w\" sizes=\"auto, (max-width: 300px) 100vw, 300px\" \/><\/a><\/p>\n","protected":false},"excerpt":{"rendered":"<p>Com ja sabeu, el 30 de gener se celebra el\u00a0<a href=\"https:\/\/barrejant.cat\/2019\/01\/tallers-contes-i-teatre-per-celebrar-la-setmana-escolar-de-la-noviolencia-i-la-pau-2019\/\">Dia Escolar de la No-viol\u00e8ncia i la Pau (DENIP)<\/a>, data en la qual es commemora l\u2019aniversari de la mort del pensador pacifista Mahatma Gandhi.<br \/>\nA l&#8217;escola hem decidit penjar desitjos de pau als arbres de la&hellip;  <a href=\"https:\/\/agora.xtec.cat\/ceipmarianao\/general\/dia-de-la-pau\/\" title=\"Read DIA DE LA PAU\">Llegeix m\u00e9s\u00bb<\/a><\/p>\n","protected":false},"author":3,"featured_media":0,"comment_status":"closed","ping_status":"closed","sticky":false,"template":"","format":"standard","meta":{"_bbp_topic_count":0,"_bbp_reply_count":0,"_bbp_total_topic_count":0,"_bbp_total_reply_count":0,"_bbp_voice_count":0,"_bbp_anonymous_reply_count":0,"_bbp_topic_count_hidden":0,"_bbp_reply_count_hidden":0,"_bbp_forum_subforum_count":0,"footnotes":""},"categories":[1,28,4],"tags":[],"class_list":["post-2140","post","type-post","status-publish","format-standard","hentry","category-general","category-noticies-portada","category-portada"],"post_mailing_queue_ids":[],"_links":{"self":[{"href":"https:\/\/agora.xtec.cat\/ceipmarianao\/wp-json\/wp\/v2\/posts\/2140","targetHints":{"allow":["GET"]}}],"collection":[{"href":"https:\/\/agora.xtec.cat\/ceipmarianao\/wp-json\/wp\/v2\/posts"}],"about":[{"href":"https:\/\/agora.xtec.cat\/ceipmarianao\/wp-json\/wp\/v2\/types\/post"}],"author":[{"embeddable":true,"href":"https:\/\/agora.xtec.cat\/ceipmarianao\/wp-json\/wp\/v2\/users\/3"}],"replies":[{"embeddable":true,"href":"https:\/\/agora.xtec.cat\/ceipmarianao\/wp-json\/wp\/v2\/comments?post=2140"}],"version-history":[{"count":1,"href":"https:\/\/agora.xtec.cat\/ceipmarianao\/wp-json\/wp\/v2\/posts\/2140\/revisions"}],"predecessor-version":[{"id":2143,"href":"https:\/\/agora.xtec.cat\/ceipmarianao\/wp-json\/wp\/v2\/posts\/2140\/revisions\/2143"}],"wp:attachment":[{"href":"https:\/\/agora.xtec.cat\/ceipmarianao\/wp-json\/wp\/v2\/media?parent=2140"}],"wp:term":[{"taxonomy":"category","embeddable":true,"href":"https:\/\/agora.xtec.cat\/ceipmarianao\/wp-json\/wp\/v2\/categories?post=2140"},{"taxonomy":"post_tag","embeddable":true,"href":"https:\/\/agora.xtec.cat\/ceipmarianao\/wp-json\/wp\/v2\/tags?post=2140"}],"curies":[{"name":"wp","href":"https:\/\/api.w.org\/{rel}","templated":true}]}}