{"id":2092,"date":"2018-12-14T11:56:48","date_gmt":"2018-12-14T10:56:48","guid":{"rendered":"http:\/\/agora.xtec.cat\/ceipmarianao\/?p=2092"},"modified":"2025-10-14T20:03:44","modified_gmt":"2025-10-14T18:03:44","slug":"concert-de-nadal-2018","status":"publish","type":"post","link":"https:\/\/agora.xtec.cat\/ceipmarianao\/general\/concert-de-nadal-2018\/","title":{"rendered":"CONCERT DE NADAL 2018"},"content":{"rendered":"<p style=\"text-align: justify;\">Dijous 20 de desembre va tenir lloc el Concert de Nadal d&#8217;enguany a l&#8217;Auditori del Parc Sanitari de Sant Joan de D\u00e9u. Els infants d&#8217;Educaci\u00f3 Infantil van actuar a la tarda i els de Prim\u00e0ria al mat\u00ed. A continuaci\u00f3 us deixem un resum de les diferents actuacions.<\/p>\n<p><a href=\"https:\/\/drive.google.com\/file\/d\/15nav4sHtvZU5ws8BhAoOSWkdOPfrBfgu\/view?usp=sharing\">Programa Concert de Nadal<\/a><\/p>\n<p style=\"text-align: justify;\">Us desitgem un Bon Nadal i un Feli\u00e7 Any Nou 2019!<\/p>\n<p style=\"text-align: center;\"><a href=\"https:\/\/agora.xtec.cat\/ceipmarianao\/wp-content\/uploads\/usu17\/2018\/12\/Felicitaci\u00f3-de-Nadal.jpg\"><img loading=\"lazy\" decoding=\"async\" class=\"aligncenter wp-image-2095\" src=\"https:\/\/agora.xtec.cat\/ceipmarianao\/wp-content\/uploads\/usu17\/2018\/12\/Felicitaci\u00f3-de-Nadal-300x225.jpg\" alt=\"\" width=\"399\" height=\"299\" srcset=\"https:\/\/agora.xtec.cat\/ceipmarianao\/wp-content\/uploads\/usu17\/2018\/12\/Felicitaci\u00f3-de-Nadal-300x225.jpg 300w, https:\/\/agora.xtec.cat\/ceipmarianao\/wp-content\/uploads\/usu17\/2018\/12\/Felicitaci\u00f3-de-Nadal-768x576.jpg 768w, https:\/\/agora.xtec.cat\/ceipmarianao\/wp-content\/uploads\/usu17\/2018\/12\/Felicitaci\u00f3-de-Nadal-1024x768.jpg 1024w, https:\/\/agora.xtec.cat\/ceipmarianao\/wp-content\/uploads\/usu17\/2018\/12\/Felicitaci\u00f3-de-Nadal-200x150.jpg 200w, https:\/\/agora.xtec.cat\/ceipmarianao\/wp-content\/uploads\/usu17\/2018\/12\/Felicitaci\u00f3-de-Nadal.jpg 1132w\" sizes=\"auto, (max-width: 399px) 100vw, 399px\" \/><\/a><\/p>\n<p style=\"text-align: center;\"><iframe loading=\"lazy\" src=\"https:\/\/www.youtube.com\/embed\/G7-F_-w7yAs\" width=\"560\" height=\"315\" frameborder=\"0\" allowfullscreen=\"allowfullscreen\"><\/iframe><\/p>\n<p>&nbsp;<\/p>\n<p>&nbsp;<\/p>\n","protected":false},"excerpt":{"rendered":"<p>Dijous 20 de desembre va tenir lloc el Concert de Nadal d&#8217;enguany a l&#8217;Auditori del Parc Sanitari de Sant Joan de D\u00e9u. Els infants d&#8217;Educaci\u00f3 Infantil van actuar a la tarda i els de Prim\u00e0ria al mat\u00ed. A continuaci\u00f3 us deixem un resum de les&hellip;  <a href=\"https:\/\/agora.xtec.cat\/ceipmarianao\/general\/concert-de-nadal-2018\/\" title=\"Read CONCERT DE NADAL 2018\">Llegeix m\u00e9s\u00bb<\/a><\/p>\n","protected":false},"author":3,"featured_media":0,"comment_status":"closed","ping_status":"closed","sticky":false,"template":"","format":"standard","meta":{"_bbp_topic_count":0,"_bbp_reply_count":0,"_bbp_total_topic_count":0,"_bbp_total_reply_count":0,"_bbp_voice_count":0,"_bbp_anonymous_reply_count":0,"_bbp_topic_count_hidden":0,"_bbp_reply_count_hidden":0,"_bbp_forum_subforum_count":0,"footnotes":""},"categories":[1,28,4],"tags":[],"class_list":["post-2092","post","type-post","status-publish","format-standard","hentry","category-general","category-noticies-portada","category-portada"],"post_mailing_queue_ids":[],"_links":{"self":[{"href":"https:\/\/agora.xtec.cat\/ceipmarianao\/wp-json\/wp\/v2\/posts\/2092","targetHints":{"allow":["GET"]}}],"collection":[{"href":"https:\/\/agora.xtec.cat\/ceipmarianao\/wp-json\/wp\/v2\/posts"}],"about":[{"href":"https:\/\/agora.xtec.cat\/ceipmarianao\/wp-json\/wp\/v2\/types\/post"}],"author":[{"embeddable":true,"href":"https:\/\/agora.xtec.cat\/ceipmarianao\/wp-json\/wp\/v2\/users\/3"}],"replies":[{"embeddable":true,"href":"https:\/\/agora.xtec.cat\/ceipmarianao\/wp-json\/wp\/v2\/comments?post=2092"}],"version-history":[{"count":5,"href":"https:\/\/agora.xtec.cat\/ceipmarianao\/wp-json\/wp\/v2\/posts\/2092\/revisions"}],"predecessor-version":[{"id":5482,"href":"https:\/\/agora.xtec.cat\/ceipmarianao\/wp-json\/wp\/v2\/posts\/2092\/revisions\/5482"}],"wp:attachment":[{"href":"https:\/\/agora.xtec.cat\/ceipmarianao\/wp-json\/wp\/v2\/media?parent=2092"}],"wp:term":[{"taxonomy":"category","embeddable":true,"href":"https:\/\/agora.xtec.cat\/ceipmarianao\/wp-json\/wp\/v2\/categories?post=2092"},{"taxonomy":"post_tag","embeddable":true,"href":"https:\/\/agora.xtec.cat\/ceipmarianao\/wp-json\/wp\/v2\/tags?post=2092"}],"curies":[{"name":"wp","href":"https:\/\/api.w.org\/{rel}","templated":true}]}}