{"id":1984,"date":"2018-11-05T17:09:55","date_gmt":"2018-11-05T16:09:55","guid":{"rendered":"http:\/\/agora.xtec.cat\/ceipmarianao\/?p=1984"},"modified":"2018-12-04T09:51:32","modified_gmt":"2018-12-04T08:51:32","slug":"eleccions-al-consell-escolar-renovacio","status":"publish","type":"post","link":"https:\/\/agora.xtec.cat\/ceipmarianao\/general\/eleccions-al-consell-escolar-renovacio\/","title":{"rendered":"Eleccions al Consell Escolar (renovaci\u00f3)"},"content":{"rendered":"<p style=\"text-align: justify;\">D&#8217;acord amb la resoluci\u00f3 ENS\/2232\/2018, d&#8217;1 d&#8217;octubre, us comuniquem que avui s&#8217;obre el proc\u00e9s de renovaci\u00f3 de part dels i de les representants dels tres sectors del Consell Escolar: pares i mares, mestres i PAS (personal d\u2019administraci\u00f3 i serveis).<\/p>\n<p style=\"text-align: justify;\">Com ja sabeu, el Consell Escolar \u00e9s l&#8217;\u00f2rgan col\u00b7legiat de participaci\u00f3 de la comunitat escolar en el govern del centre. Est\u00e0 compost pel sector nat: el\/la director\/a, el\/la cap d&#8217;estudis, el\/la secretari\/\u00e0ria (que exerceix de secretari\/\u00e0ria del Consell), un\/a representant del sector PAS i un\/a representant de l&#8217;Ajuntament; el sector mestres: cinc representants; i el sector pares i mares: cinc representants (dels quals un\/a hi representa l&#8217;AMPA).<\/p>\n<p style=\"text-align: justify;\">Podeu presentar la vostra candidatura des d&#8217;avui mateix fins a divendres 16 de novembre.<\/p>\n<p style=\"text-align: justify;\">Al suro de l\u2019edifici de direcci\u00f3 hi ha penjades les llistes del cens electoral. Si us plau, comproveu-les i, si escau, presenteu reclamaci\u00f3 abans de dijous 8 de novembre.<\/p>\n<p style=\"text-align: justify;\">El dia de les votacions del sector pares i mares ser\u00e0 dilluns 26 de novembre, a les entrades i a les sortides. Si alg\u00fa en vol actuar com a supervisor haur\u00e0 de presentar sol\u00b7licitud abans de dijous 22 de novembre.<\/p>\n<p style=\"text-align: justify;\">Animeu-vos-hi!\u00a0 Junts tot \u00e9s possible.<\/p>\n<p style=\"text-align: justify;\"><a href=\"https:\/\/docs.google.com\/document\/d\/17IK_T8DNrJ2Xy-8G04EoqoaYaN7uwWiYLZvr1YvYzp0\/edit?usp=sharing\">Calendari<\/a><\/p>\n<p style=\"text-align: justify;\"><a href=\"https:\/\/docs.google.com\/document\/d\/1dJqydFGE56qZ4aeHNULw9FxCWtzNi5pM95Hs6hEFx-0\/edit?usp=sharing\">Vacants a cobrir<\/a><\/p>\n<p style=\"text-align: justify;\"><a href=\"https:\/\/docs.google.com\/document\/d\/1JmGuBsJ8OOu4aJ7YtHQUKr2m0sMoymAMRBeNp2CQ0CE\/edit?usp=sharing\">Candidatura<\/a><\/p>\n<p style=\"text-align: justify;\"><a href=\"https:\/\/drive.google.com\/file\/d\/1NBSsGmln6oDAwdvmle6852DiKAe-XrDq\/view?usp=sharing\">Sol\u00b7licitud per actuar-hi com a supervisor\/a<\/a><\/p>\n<p style=\"text-align: justify;\">Ja tenim candidates (els podeu posar cara si mireu les seves candidatures -estan penjades als suros d&#8217;acc\u00e9s al centre i al que hi ha a l&#8217;interior de l&#8217;edifici de direcci\u00f3-):<\/p>\n<p style=\"text-align: justify;\">L&#8217;Aurora Barba Mart\u00ednez, mare de l&#8217;Aitana i de la Luc\u00eda Palma, de 3r i de P5, respectivament.<\/p>\n<p style=\"text-align: justify;\">La Mari Carmen Cazorla Garc\u00eda, mare de l&#8217;\u00c9ric i del Mart\u00ed Monfort, de 2n i de P3, respectivament.<\/p>\n<p style=\"text-align: justify;\">Els donem la benvinguda, ja que seran les noves representants del sector pares i mares al Consell Escolar durant els propers quatre cursos. Gr\u00e0cies per la vostra col\u00b7laboraci\u00f3!<\/p>\n<p style=\"text-align: justify;\">Aprofitem l&#8217;avinentesa per agrair el comprom\u00eds i la dedicaci\u00f3, durant els 4 cursos de representaci\u00f3 al Consell Escolar, a la Gemma Castrill\u00f3n Mera, mare de l&#8217;Izan i de la Luc\u00eda Corral, de 6\u00e8 i de 5\u00e8, respectivament, i a la Rosa Yelo Mezquida, mare de la Nayala i de l&#8217;Adri\u00e1n Rodrigo, de 5\u00e8 i de 1r, respectivament.<\/p>\n<p style=\"text-align: justify;\">\n","protected":false},"excerpt":{"rendered":"<p>D&#8217;acord amb la resoluci\u00f3 ENS\/2232\/2018, d&#8217;1 d&#8217;octubre, us comuniquem que avui s&#8217;obre el proc\u00e9s de renovaci\u00f3 de part dels i de les representants dels tres sectors del Consell Escolar: pares i mares, mestres i PAS (personal d\u2019administraci\u00f3 i serveis).<br \/>\nCom ja sabeu, el Consell Escolar \u00e9s&hellip;  <a href=\"https:\/\/agora.xtec.cat\/ceipmarianao\/general\/eleccions-al-consell-escolar-renovacio\/\" title=\"Read Eleccions al Consell Escolar (renovaci\u00f3)\">Llegeix m\u00e9s\u00bb<\/a><\/p>\n","protected":false},"author":3,"featured_media":0,"comment_status":"closed","ping_status":"closed","sticky":false,"template":"","format":"standard","meta":{"_bbp_topic_count":0,"_bbp_reply_count":0,"_bbp_total_topic_count":0,"_bbp_total_reply_count":0,"_bbp_voice_count":0,"_bbp_anonymous_reply_count":0,"_bbp_topic_count_hidden":0,"_bbp_reply_count_hidden":0,"_bbp_forum_subforum_count":0,"footnotes":""},"categories":[1,28,4],"tags":[],"class_list":["post-1984","post","type-post","status-publish","format-standard","hentry","category-general","category-noticies-portada","category-portada"],"post_mailing_queue_ids":[],"_links":{"self":[{"href":"https:\/\/agora.xtec.cat\/ceipmarianao\/wp-json\/wp\/v2\/posts\/1984","targetHints":{"allow":["GET"]}}],"collection":[{"href":"https:\/\/agora.xtec.cat\/ceipmarianao\/wp-json\/wp\/v2\/posts"}],"about":[{"href":"https:\/\/agora.xtec.cat\/ceipmarianao\/wp-json\/wp\/v2\/types\/post"}],"author":[{"embeddable":true,"href":"https:\/\/agora.xtec.cat\/ceipmarianao\/wp-json\/wp\/v2\/users\/3"}],"replies":[{"embeddable":true,"href":"https:\/\/agora.xtec.cat\/ceipmarianao\/wp-json\/wp\/v2\/comments?post=1984"}],"version-history":[{"count":3,"href":"https:\/\/agora.xtec.cat\/ceipmarianao\/wp-json\/wp\/v2\/posts\/1984\/revisions"}],"predecessor-version":[{"id":2085,"href":"https:\/\/agora.xtec.cat\/ceipmarianao\/wp-json\/wp\/v2\/posts\/1984\/revisions\/2085"}],"wp:attachment":[{"href":"https:\/\/agora.xtec.cat\/ceipmarianao\/wp-json\/wp\/v2\/media?parent=1984"}],"wp:term":[{"taxonomy":"category","embeddable":true,"href":"https:\/\/agora.xtec.cat\/ceipmarianao\/wp-json\/wp\/v2\/categories?post=1984"},{"taxonomy":"post_tag","embeddable":true,"href":"https:\/\/agora.xtec.cat\/ceipmarianao\/wp-json\/wp\/v2\/tags?post=1984"}],"curies":[{"name":"wp","href":"https:\/\/api.w.org\/{rel}","templated":true}]}}