{"id":1942,"date":"2018-10-26T10:26:53","date_gmt":"2018-10-26T08:26:53","guid":{"rendered":"http:\/\/agora.xtec.cat\/ceipmarianao\/?p=1942"},"modified":"2018-10-26T10:26:53","modified_gmt":"2018-10-26T08:26:53","slug":"voluntariat-lecxit-curs-2018-2019","status":"publish","type":"post","link":"https:\/\/agora.xtec.cat\/ceipmarianao\/general\/voluntariat-lecxit-curs-2018-2019\/","title":{"rendered":"Voluntariat Lecxit curs 2018-2019"},"content":{"rendered":"<p style=\"text-align: justify;\">Ja s&#8217;han obert les\u00a0<strong>inscripcions per ser voluntari o volunt\u00e0ria <\/strong>del projecte Lecxit del barri de Marianao. Un projecte que vam iniciar fa tres cursos: persones volunt\u00e0ries v\u00e9nen una hora, un cop a la setmana, a compartir moments de lectura amb alumnes de 4t de Prim\u00e0ria de l&#8217;Escola proposats i proposades per la tutora (tamb\u00e9 es desenvolupa a tres escoles p\u00fabliques m\u00e9s del barri).<\/p>\n<p style=\"text-align: justify;\">\u00c9s un projecte engrescador per als infants i que aporta molta satisfacci\u00f3 personal a les persones volunt\u00e0ries.<\/p>\n<p style=\"text-align: justify;\">Si voleu invertir una hora del vostre temps (o coneixeu alg\u00fa que hi podria estar interessat) i emportar-vos la satisfacci\u00f3 que aporta veure com contribu\u00efu a la millora educativa de l&#8217;infant amb qui compartiu moments de lectura, no ho dubteu, participeu al projecte Lecxit.<\/p>\n<p style=\"text-align: justify;\">Nom\u00e9s cal que us inscriviu en aquest <a href=\"https:\/\/docs.google.com\/forms\/d\/e\/1FAIpQLSehSzDGur_dax7inITlFnzyXsE7ppDpyCQRyKRVM3QPClmzrA\/viewform?usp=sf_link\">formulari<\/a>, des d&#8217;avui fins al proper diumenge <strong>4 de novembre<\/strong>, i es posaran en contacte amb vosaltres per acabar de formalitzar el vostre comprom\u00eds.<\/p>\n<p style=\"text-align: justify;\">Animeu-vos-hi!<\/p>\n<p style=\"text-align: center;\"><a href=\"https:\/\/agora.xtec.cat\/ceipmarianao\/wp-content\/uploads\/usu17\/2018\/10\/Imatge-Lecxit-2018-19-2.jpg\"><img loading=\"lazy\" decoding=\"async\" class=\"aligncenter  wp-image-1943\" src=\"https:\/\/agora.xtec.cat\/ceipmarianao\/wp-content\/uploads\/usu17\/2018\/10\/Imatge-Lecxit-2018-19-2-300x195.jpg\" alt=\"\" width=\"408\" height=\"265\" srcset=\"https:\/\/agora.xtec.cat\/ceipmarianao\/wp-content\/uploads\/usu17\/2018\/10\/Imatge-Lecxit-2018-19-2-300x195.jpg 300w, https:\/\/agora.xtec.cat\/ceipmarianao\/wp-content\/uploads\/usu17\/2018\/10\/Imatge-Lecxit-2018-19-2-768x499.jpg 768w, https:\/\/agora.xtec.cat\/ceipmarianao\/wp-content\/uploads\/usu17\/2018\/10\/Imatge-Lecxit-2018-19-2-1024x665.jpg 1024w\" sizes=\"auto, (max-width: 408px) 100vw, 408px\" \/><\/a><\/p>\n","protected":false},"excerpt":{"rendered":"<p>Ja s&#8217;han obert les\u00a0inscripcions per ser voluntari o volunt\u00e0ria del projecte Lecxit del barri de Marianao. Un projecte que vam iniciar fa tres cursos: persones volunt\u00e0ries v\u00e9nen una hora, un cop a la setmana, a compartir moments de lectura amb alumnes de 4t de Prim\u00e0ria&hellip;  <a href=\"https:\/\/agora.xtec.cat\/ceipmarianao\/general\/voluntariat-lecxit-curs-2018-2019\/\" title=\"Read Voluntariat Lecxit curs 2018-2019\">Llegeix m\u00e9s\u00bb<\/a><\/p>\n","protected":false},"author":3,"featured_media":0,"comment_status":"closed","ping_status":"closed","sticky":false,"template":"","format":"standard","meta":{"_bbp_topic_count":0,"_bbp_reply_count":0,"_bbp_total_topic_count":0,"_bbp_total_reply_count":0,"_bbp_voice_count":0,"_bbp_anonymous_reply_count":0,"_bbp_topic_count_hidden":0,"_bbp_reply_count_hidden":0,"_bbp_forum_subforum_count":0,"footnotes":""},"categories":[1,28,4],"tags":[],"class_list":["post-1942","post","type-post","status-publish","format-standard","hentry","category-general","category-noticies-portada","category-portada"],"post_mailing_queue_ids":[],"_links":{"self":[{"href":"https:\/\/agora.xtec.cat\/ceipmarianao\/wp-json\/wp\/v2\/posts\/1942","targetHints":{"allow":["GET"]}}],"collection":[{"href":"https:\/\/agora.xtec.cat\/ceipmarianao\/wp-json\/wp\/v2\/posts"}],"about":[{"href":"https:\/\/agora.xtec.cat\/ceipmarianao\/wp-json\/wp\/v2\/types\/post"}],"author":[{"embeddable":true,"href":"https:\/\/agora.xtec.cat\/ceipmarianao\/wp-json\/wp\/v2\/users\/3"}],"replies":[{"embeddable":true,"href":"https:\/\/agora.xtec.cat\/ceipmarianao\/wp-json\/wp\/v2\/comments?post=1942"}],"version-history":[{"count":1,"href":"https:\/\/agora.xtec.cat\/ceipmarianao\/wp-json\/wp\/v2\/posts\/1942\/revisions"}],"predecessor-version":[{"id":1944,"href":"https:\/\/agora.xtec.cat\/ceipmarianao\/wp-json\/wp\/v2\/posts\/1942\/revisions\/1944"}],"wp:attachment":[{"href":"https:\/\/agora.xtec.cat\/ceipmarianao\/wp-json\/wp\/v2\/media?parent=1942"}],"wp:term":[{"taxonomy":"category","embeddable":true,"href":"https:\/\/agora.xtec.cat\/ceipmarianao\/wp-json\/wp\/v2\/categories?post=1942"},{"taxonomy":"post_tag","embeddable":true,"href":"https:\/\/agora.xtec.cat\/ceipmarianao\/wp-json\/wp\/v2\/tags?post=1942"}],"curies":[{"name":"wp","href":"https:\/\/api.w.org\/{rel}","templated":true}]}}