{"id":1930,"date":"2018-10-21T15:04:30","date_gmt":"2018-10-21T13:04:30","guid":{"rendered":"http:\/\/agora.xtec.cat\/ceipmarianao\/?p=1930"},"modified":"2025-10-14T20:04:31","modified_gmt":"2025-10-14T18:04:31","slug":"iv-edicio-de-la-vuelta-al-cole-fundacio-unoentrecienmil","status":"publish","type":"post","link":"https:\/\/agora.xtec.cat\/ceipmarianao\/general\/iv-edicio-de-la-vuelta-al-cole-fundacio-unoentrecienmil\/","title":{"rendered":"IV edici\u00f3 de \u201cLa vuelta al cole\u201d: Fundaci\u00f3 Unoentrecienmil"},"content":{"rendered":"<p style=\"text-align: justify;\"><span data-originalfontsize=\"0.9166666865348816rem\" data-originalcomputedfontsize=\"14.666666984558105\">Fam\u00edlies! Us convidem i us animem a participar, conjuntament amb els vostres fills i filles,\u00a0<\/span><strong data-originalfontsize=\"0.9166666865348816rem\" data-originalcomputedfontsize=\"14.666666984558105\">divendres 26 d\u2019octubre a les 15:15 hores, a la cursa solid\u00e0ria a favor de la leuc\u00e8mia infantil<\/strong>,\u00a0<span data-originalfontsize=\"0.9166666865348816rem\" data-originalcomputedfontsize=\"14.666666984558105\">per c\u00f3rrer tots plegats, petits i grans.<\/span><\/p>\n<p style=\"text-align: justify;\">Recordeu que hi podeu col\u2022laborar, volunt\u00e0riament, amb 1\u20ac per participant (o la quantitat que volgueu) a canvi d\u2019un dorsal solidari.<\/p>\n<p style=\"text-align: justify;\"><span data-originalfontsize=\"0.9166666865348816rem\" data-originalcomputedfontsize=\"14.666666984558105\">Aquest dia tothom guanyar\u00e0! \u00c9s per aquest motiu que es lliuraran diplomes per premiar l\u2019esfor\u00e7 i la participaci\u00f3 en aquest moviment.<\/span><\/p>\n<p style=\"text-align: justify;\"><span data-originalfontsize=\"0.9166666865348816rem\" data-originalcomputedfontsize=\"14.666666984558105\">Recordeu que la leuc\u00e8mia \u00e9s una rival massa fort per a un sol infant, per\u00f2 no per a cent mil.\u00a0<\/span><\/p>\n<p style=\"text-align: justify;\">Aqu\u00ed us deixem un v\u00eddeo maqu\u00edssim que explica com es va crear i com va evolucionant i creixent la Fundaci\u00f3 Unoentrecienmil:<\/p>\n<p style=\"text-align: justify;\">\u00a0 \u00a0 \u00a0 \u00a0<iframe loading=\"lazy\" src=\"https:\/\/www.youtube.com\/embed\/4OrdIcvtUU0\" width=\"560\" height=\"315\" frameborder=\"0\" allowfullscreen=\"allowfullscreen\"><\/iframe><\/p>\n<p style=\"text-align: justify;\">Per si voleu m\u00e9s informaci\u00f3 sobre el projecte, <a href=\"https:\/\/www.lavueltaalcole.com\/\">aqu\u00ed<\/a> tamb\u00e9 us deixem l&#8217;enlla\u00e7 de la Fundaci\u00f3 i un <a href=\"http:\/\/comunicaciones.unoentrecienmil.org\/newslink\/339523\/249.html\">v\u00eddeo<\/a> d&#8217;agra\u00efment.<\/p>\n<p style=\"text-align: justify;\"><span style=\"font-weight: 400;\">Gr\u00e0cies a tots i totes ha estat tot un \u00e8xit, hem tornat a demostrar que: JUNTS, TOT \u00c9S POSSIBLE! Aqu\u00ed teniu un v\u00eddeo que ho demostra:<br \/>\n<\/span><\/p>\n<p><span style=\"font-weight: 400;\">Hem recaptat 582.30 \u20ac que ingressarem a favor de la Fundaci\u00f3 Unoentrecienmil.<\/span><\/p>\n<p>GR\u00c0CIES!!!<\/p>\n","protected":false},"excerpt":{"rendered":"<p>Fam\u00edlies! Us convidem i us animem a participar, conjuntament amb els vostres fills i filles,\u00a0divendres 26 d\u2019octubre a les 15:15 hores, a la cursa solid\u00e0ria a favor de la leuc\u00e8mia infantil,\u00a0per c\u00f3rrer tots plegats, petits i grans.<br \/>\nRecordeu que hi podeu col\u2022laborar, volunt\u00e0riament, amb 1\u20ac per&hellip;  <a href=\"https:\/\/agora.xtec.cat\/ceipmarianao\/general\/iv-edicio-de-la-vuelta-al-cole-fundacio-unoentrecienmil\/\" title=\"Read IV edici\u00f3 de \u201cLa vuelta al cole\u201d: Fundaci\u00f3 Unoentrecienmil\">Llegeix m\u00e9s\u00bb<\/a><\/p>\n","protected":false},"author":3,"featured_media":0,"comment_status":"closed","ping_status":"closed","sticky":false,"template":"","format":"standard","meta":{"_bbp_topic_count":0,"_bbp_reply_count":0,"_bbp_total_topic_count":0,"_bbp_total_reply_count":0,"_bbp_voice_count":0,"_bbp_anonymous_reply_count":0,"_bbp_topic_count_hidden":0,"_bbp_reply_count_hidden":0,"_bbp_forum_subforum_count":0,"footnotes":""},"categories":[1,28,4],"tags":[],"class_list":["post-1930","post","type-post","status-publish","format-standard","hentry","category-general","category-noticies-portada","category-portada"],"post_mailing_queue_ids":[],"_links":{"self":[{"href":"https:\/\/agora.xtec.cat\/ceipmarianao\/wp-json\/wp\/v2\/posts\/1930","targetHints":{"allow":["GET"]}}],"collection":[{"href":"https:\/\/agora.xtec.cat\/ceipmarianao\/wp-json\/wp\/v2\/posts"}],"about":[{"href":"https:\/\/agora.xtec.cat\/ceipmarianao\/wp-json\/wp\/v2\/types\/post"}],"author":[{"embeddable":true,"href":"https:\/\/agora.xtec.cat\/ceipmarianao\/wp-json\/wp\/v2\/users\/3"}],"replies":[{"embeddable":true,"href":"https:\/\/agora.xtec.cat\/ceipmarianao\/wp-json\/wp\/v2\/comments?post=1930"}],"version-history":[{"count":4,"href":"https:\/\/agora.xtec.cat\/ceipmarianao\/wp-json\/wp\/v2\/posts\/1930\/revisions"}],"predecessor-version":[{"id":5484,"href":"https:\/\/agora.xtec.cat\/ceipmarianao\/wp-json\/wp\/v2\/posts\/1930\/revisions\/5484"}],"wp:attachment":[{"href":"https:\/\/agora.xtec.cat\/ceipmarianao\/wp-json\/wp\/v2\/media?parent=1930"}],"wp:term":[{"taxonomy":"category","embeddable":true,"href":"https:\/\/agora.xtec.cat\/ceipmarianao\/wp-json\/wp\/v2\/categories?post=1930"},{"taxonomy":"post_tag","embeddable":true,"href":"https:\/\/agora.xtec.cat\/ceipmarianao\/wp-json\/wp\/v2\/tags?post=1930"}],"curies":[{"name":"wp","href":"https:\/\/api.w.org\/{rel}","templated":true}]}}