{"id":1838,"date":"2018-06-25T12:14:19","date_gmt":"2018-06-25T10:14:19","guid":{"rendered":"http:\/\/agora.xtec.cat\/ceipmarianao\/?p=1838"},"modified":"2025-10-14T20:10:47","modified_gmt":"2025-10-14T18:10:47","slug":"gimcana-2018-infantil","status":"publish","type":"post","link":"https:\/\/agora.xtec.cat\/ceipmarianao\/general\/gimcana-2018-infantil\/","title":{"rendered":"Gimcana 2018"},"content":{"rendered":"<p style=\"text-align: justify;\">L&#8217;\u00faltim dia de curs vam fer la tradicional gimcana del medi ambient. Els infants de 6\u00e8 van ajudar els nens i les nenes d&#8217;educaci\u00f3 infantil en la seva gimcana. S&#8217;ho van passar genial!!!<\/p>\n<p style=\"text-align: justify;\">Els infants de 1r a 5\u00e8 de prim\u00e0ria tamb\u00e9 van fer la seva gimcana del medi ambient amb un munt de proves. Va ser molt divertit i van rebre una xapa com a obsequi.<\/p>\n<p>INFANTIL<\/p>\n<p>PRIM\u00c0RIA<\/p>\n","protected":false},"excerpt":{"rendered":"<p>L&#8217;\u00faltim dia de curs vam fer la tradicional gimcana del medi ambient. Els infants de 6\u00e8 van ajudar els nens i les nenes d&#8217;educaci\u00f3 infantil en la seva gimcana. S&#8217;ho van passar genial!!!<br \/>\nEls infants de 1r a 5\u00e8 de prim\u00e0ria tamb\u00e9 van fer la seva&hellip;  <a href=\"https:\/\/agora.xtec.cat\/ceipmarianao\/general\/gimcana-2018-infantil\/\" title=\"Read Gimcana 2018\">Llegeix m\u00e9s\u00bb<\/a><\/p>\n","protected":false},"author":1,"featured_media":0,"comment_status":"closed","ping_status":"closed","sticky":false,"template":"","format":"standard","meta":{"_bbp_topic_count":0,"_bbp_reply_count":0,"_bbp_total_topic_count":0,"_bbp_total_reply_count":0,"_bbp_voice_count":0,"_bbp_anonymous_reply_count":0,"_bbp_topic_count_hidden":0,"_bbp_reply_count_hidden":0,"_bbp_forum_subforum_count":0,"footnotes":""},"categories":[1,28,4],"tags":[],"class_list":["post-1838","post","type-post","status-publish","format-standard","hentry","category-general","category-noticies-portada","category-portada"],"post_mailing_queue_ids":[],"_links":{"self":[{"href":"https:\/\/agora.xtec.cat\/ceipmarianao\/wp-json\/wp\/v2\/posts\/1838","targetHints":{"allow":["GET"]}}],"collection":[{"href":"https:\/\/agora.xtec.cat\/ceipmarianao\/wp-json\/wp\/v2\/posts"}],"about":[{"href":"https:\/\/agora.xtec.cat\/ceipmarianao\/wp-json\/wp\/v2\/types\/post"}],"author":[{"embeddable":true,"href":"https:\/\/agora.xtec.cat\/ceipmarianao\/wp-json\/wp\/v2\/users\/1"}],"replies":[{"embeddable":true,"href":"https:\/\/agora.xtec.cat\/ceipmarianao\/wp-json\/wp\/v2\/comments?post=1838"}],"version-history":[{"count":6,"href":"https:\/\/agora.xtec.cat\/ceipmarianao\/wp-json\/wp\/v2\/posts\/1838\/revisions"}],"predecessor-version":[{"id":5495,"href":"https:\/\/agora.xtec.cat\/ceipmarianao\/wp-json\/wp\/v2\/posts\/1838\/revisions\/5495"}],"wp:attachment":[{"href":"https:\/\/agora.xtec.cat\/ceipmarianao\/wp-json\/wp\/v2\/media?parent=1838"}],"wp:term":[{"taxonomy":"category","embeddable":true,"href":"https:\/\/agora.xtec.cat\/ceipmarianao\/wp-json\/wp\/v2\/categories?post=1838"},{"taxonomy":"post_tag","embeddable":true,"href":"https:\/\/agora.xtec.cat\/ceipmarianao\/wp-json\/wp\/v2\/tags?post=1838"}],"curies":[{"name":"wp","href":"https:\/\/api.w.org\/{rel}","templated":true}]}}