{"id":1834,"date":"2018-06-27T11:12:48","date_gmt":"2018-06-27T09:12:48","guid":{"rendered":"http:\/\/agora.xtec.cat\/ceipmarianao\/?p=1834"},"modified":"2025-10-14T20:05:03","modified_gmt":"2025-10-14T18:05:03","slug":"graduacio-2018","status":"publish","type":"post","link":"https:\/\/agora.xtec.cat\/ceipmarianao\/portada\/graduacio-2018\/","title":{"rendered":"Graduaci\u00f3 2018"},"content":{"rendered":"<p style=\"text-align: justify;\">Un any m\u00e9s, els infants de 6\u00e8 han gaudit d&#8217;una bonica graduaci\u00f3. Al mat\u00ed, tots els nens i nenes de l&#8217;Escola els van regalar un ball i ells tamb\u00e9 ens van obsequiar ballant, cantant i fent discursos. A la tarda, van venir les fam\u00edlies per compartir amb ells i elles un passi de v\u00eddeo amb fotos de tota la seva escolaritat. Tot seguit, vam sopar a la pista gran i vam fer ball fins a les 22h. Les fam\u00edlies tenien una sorpresa final: un past\u00eds, galetes personalitzades i molts obsequis per als nens i nenes de 6\u00e8.<\/p>\n","protected":false},"excerpt":{"rendered":"<p>Un any m\u00e9s, els infants de 6\u00e8 han gaudit d&#8217;una bonica graduaci\u00f3. Al mat\u00ed, tots els nens i nenes de l&#8217;Escola els van regalar un ball i ells tamb\u00e9 ens van obsequiar ballant, cantant i fent discursos. A la tarda, van venir les fam\u00edlies per&hellip;  <a href=\"https:\/\/agora.xtec.cat\/ceipmarianao\/portada\/graduacio-2018\/\" title=\"Read Graduaci\u00f3 2018\">Llegeix m\u00e9s\u00bb<\/a><\/p>\n","protected":false},"author":1,"featured_media":0,"comment_status":"closed","ping_status":"closed","sticky":false,"template":"","format":"standard","meta":{"_bbp_topic_count":0,"_bbp_reply_count":0,"_bbp_total_topic_count":0,"_bbp_total_reply_count":0,"_bbp_voice_count":0,"_bbp_anonymous_reply_count":0,"_bbp_topic_count_hidden":0,"_bbp_reply_count_hidden":0,"_bbp_forum_subforum_count":0,"footnotes":""},"categories":[28,4],"tags":[],"class_list":["post-1834","post","type-post","status-publish","format-standard","hentry","category-noticies-portada","category-portada"],"post_mailing_queue_ids":[],"_links":{"self":[{"href":"https:\/\/agora.xtec.cat\/ceipmarianao\/wp-json\/wp\/v2\/posts\/1834","targetHints":{"allow":["GET"]}}],"collection":[{"href":"https:\/\/agora.xtec.cat\/ceipmarianao\/wp-json\/wp\/v2\/posts"}],"about":[{"href":"https:\/\/agora.xtec.cat\/ceipmarianao\/wp-json\/wp\/v2\/types\/post"}],"author":[{"embeddable":true,"href":"https:\/\/agora.xtec.cat\/ceipmarianao\/wp-json\/wp\/v2\/users\/1"}],"replies":[{"embeddable":true,"href":"https:\/\/agora.xtec.cat\/ceipmarianao\/wp-json\/wp\/v2\/comments?post=1834"}],"version-history":[{"count":4,"href":"https:\/\/agora.xtec.cat\/ceipmarianao\/wp-json\/wp\/v2\/posts\/1834\/revisions"}],"predecessor-version":[{"id":5485,"href":"https:\/\/agora.xtec.cat\/ceipmarianao\/wp-json\/wp\/v2\/posts\/1834\/revisions\/5485"}],"wp:attachment":[{"href":"https:\/\/agora.xtec.cat\/ceipmarianao\/wp-json\/wp\/v2\/media?parent=1834"}],"wp:term":[{"taxonomy":"category","embeddable":true,"href":"https:\/\/agora.xtec.cat\/ceipmarianao\/wp-json\/wp\/v2\/categories?post=1834"},{"taxonomy":"post_tag","embeddable":true,"href":"https:\/\/agora.xtec.cat\/ceipmarianao\/wp-json\/wp\/v2\/tags?post=1834"}],"curies":[{"name":"wp","href":"https:\/\/api.w.org\/{rel}","templated":true}]}}