{"id":1814,"date":"2018-05-31T09:04:11","date_gmt":"2018-05-31T07:04:11","guid":{"rendered":"http:\/\/agora.xtec.cat\/ceipmarianao\/?p=1814"},"modified":"2025-10-14T20:05:55","modified_gmt":"2025-10-14T18:05:55","slug":"1r-dia-a-la-casa-de-colonies-el-mogent-2n-4t-i-6e","status":"publish","type":"post","link":"https:\/\/agora.xtec.cat\/ceipmarianao\/general\/1r-dia-a-la-casa-de-colonies-el-mogent-2n-4t-i-6e\/","title":{"rendered":"Col\u00f2nies &#8220;El Mogent&#8221;: P5, 2n, 4t i 6\u00e8"},"content":{"rendered":"<p style=\"text-align: justify;\">Primer dia superat! Ahir va ser un dia genial. Els i les alumnes de 2n, 4t i 6\u00e8 van arribar a la casa de col\u00f2nies EL MOGENT i, despr\u00e9s d&#8217;esmorzar, van comen\u00e7ar la seva aventura. Cada grup va fer una activitat amb cordes diferent: bosc vertical, roc\u00f2drom i escalacaixes. Van jugar, tamb\u00e9, a les diferents instal\u2022lacions de la casa i, despr\u00e9s de sopar, van gaudir del joc de nit fent servir les lots. S&#8217;ho van passar pipa tots plegats!<\/p>\n<p style=\"text-align: justify;\">SEGON DIA DE COL\u00d2NIES!<br \/>\nAhir van arribar els nens i les nenes de P5 amb molta energia i ganes de passar-s&#8217;ho genial. De seguida, van comen\u00e7ar a fer les activitats. El seu fil conductor era EL CIRC i els van maquillar de pallassos i pallasses. Els infants de 2n, 4t i 6\u00e8 van fer tir amb arc, diferents proves al bosc, van construir una cabana i van fer una guerra amb farina. A la nit, van gaudir amb un joc on van fer servir les llanternes\u00a0 i despr\u00e9s van anar a la disco. Avui ja tornen, molt contents amb l&#8217;experi\u00e8ncia viscuda.<\/p>\n","protected":false},"excerpt":{"rendered":"<p>Primer dia superat! Ahir va ser un dia genial. Els i les alumnes de 2n, 4t i 6\u00e8 van arribar a la casa de col\u00f2nies EL MOGENT i, despr\u00e9s d&#8217;esmorzar, van comen\u00e7ar la seva aventura. Cada grup va fer una activitat amb cordes diferent: bosc&hellip;  <a href=\"https:\/\/agora.xtec.cat\/ceipmarianao\/general\/1r-dia-a-la-casa-de-colonies-el-mogent-2n-4t-i-6e\/\" title=\"Read Col\u00f2nies &#8220;El Mogent&#8221;: P5, 2n, 4t i 6\u00e8\">Llegeix m\u00e9s\u00bb<\/a><\/p>\n","protected":false},"author":3,"featured_media":0,"comment_status":"closed","ping_status":"closed","sticky":false,"template":"","format":"standard","meta":{"_bbp_topic_count":0,"_bbp_reply_count":0,"_bbp_total_topic_count":0,"_bbp_total_reply_count":0,"_bbp_voice_count":0,"_bbp_anonymous_reply_count":0,"_bbp_topic_count_hidden":0,"_bbp_reply_count_hidden":0,"_bbp_forum_subforum_count":0,"footnotes":""},"categories":[1,28,4],"tags":[],"class_list":["post-1814","post","type-post","status-publish","format-standard","hentry","category-general","category-noticies-portada","category-portada"],"post_mailing_queue_ids":[],"_links":{"self":[{"href":"https:\/\/agora.xtec.cat\/ceipmarianao\/wp-json\/wp\/v2\/posts\/1814","targetHints":{"allow":["GET"]}}],"collection":[{"href":"https:\/\/agora.xtec.cat\/ceipmarianao\/wp-json\/wp\/v2\/posts"}],"about":[{"href":"https:\/\/agora.xtec.cat\/ceipmarianao\/wp-json\/wp\/v2\/types\/post"}],"author":[{"embeddable":true,"href":"https:\/\/agora.xtec.cat\/ceipmarianao\/wp-json\/wp\/v2\/users\/3"}],"replies":[{"embeddable":true,"href":"https:\/\/agora.xtec.cat\/ceipmarianao\/wp-json\/wp\/v2\/comments?post=1814"}],"version-history":[{"count":5,"href":"https:\/\/agora.xtec.cat\/ceipmarianao\/wp-json\/wp\/v2\/posts\/1814\/revisions"}],"predecessor-version":[{"id":5487,"href":"https:\/\/agora.xtec.cat\/ceipmarianao\/wp-json\/wp\/v2\/posts\/1814\/revisions\/5487"}],"wp:attachment":[{"href":"https:\/\/agora.xtec.cat\/ceipmarianao\/wp-json\/wp\/v2\/media?parent=1814"}],"wp:term":[{"taxonomy":"category","embeddable":true,"href":"https:\/\/agora.xtec.cat\/ceipmarianao\/wp-json\/wp\/v2\/categories?post=1814"},{"taxonomy":"post_tag","embeddable":true,"href":"https:\/\/agora.xtec.cat\/ceipmarianao\/wp-json\/wp\/v2\/tags?post=1814"}],"curies":[{"name":"wp","href":"https:\/\/api.w.org\/{rel}","templated":true}]}}