{"id":1782,"date":"2018-05-03T15:36:30","date_gmt":"2018-05-03T13:36:30","guid":{"rendered":"http:\/\/agora.xtec.cat\/ceipmarianao\/?p=1782"},"modified":"2025-10-14T20:06:43","modified_gmt":"2025-10-14T18:06:43","slug":"4a-setmana-saludable","status":"publish","type":"post","link":"https:\/\/agora.xtec.cat\/ceipmarianao\/general\/4a-setmana-saludable\/","title":{"rendered":"4a SETMANA SALUDABLE"},"content":{"rendered":"<p style=\"text-align: justify;\">Del 16 al 20 d\u2019abril vam celebrar la 4a Setmana Saludable per conscienciar el nostre alumnat i les seves fam\u00edlies de la import\u00e0ncia de realitzar activitat f\u00edsica de manera regular, alimentar-se de forma equilibrada, descansar les hores necess\u00e0ries i gestionar b\u00e9 les pr\u00f2pies emocions. L\u2019esl\u00f2gan ha estat:<\/p>\n<p style=\"text-align: justify;\">EMOCIONA\u2019T I CREIX SA!<\/p>\n<p style=\"text-align: justify;\">Per aquest motiu, durant tota la setmana, els infants de l\u2019escola i els seus familiars van realitzar diferents activitats: de gesti\u00f3 de les emocions, de relaxaci\u00f3, de zumba, de ioga, de piscina (P4 i P5), l\u2019esmorzar saludable i, com a cloenda, la 21a Jornada Atl\u00e8tica, amb la visita incondicional de la nostra mascota, el Marianet.<\/p>\n<p style=\"text-align: justify;\">Aqu\u00ed us deixem una mostra resum de tot el que vam fer:<\/p>\n","protected":false},"excerpt":{"rendered":"<p>Del 16 al 20 d\u2019abril vam celebrar la 4a Setmana Saludable per conscienciar el nostre alumnat i les seves fam\u00edlies de la import\u00e0ncia de realitzar activitat f\u00edsica de manera regular, alimentar-se de forma equilibrada, descansar les hores necess\u00e0ries i gestionar b\u00e9 les pr\u00f2pies emocions. L\u2019esl\u00f2gan&hellip;  <a href=\"https:\/\/agora.xtec.cat\/ceipmarianao\/general\/4a-setmana-saludable\/\" title=\"Read 4a SETMANA SALUDABLE\">Llegeix m\u00e9s\u00bb<\/a><\/p>\n","protected":false},"author":3,"featured_media":0,"comment_status":"closed","ping_status":"closed","sticky":false,"template":"","format":"standard","meta":{"_bbp_topic_count":0,"_bbp_reply_count":0,"_bbp_total_topic_count":0,"_bbp_total_reply_count":0,"_bbp_voice_count":0,"_bbp_anonymous_reply_count":0,"_bbp_topic_count_hidden":0,"_bbp_reply_count_hidden":0,"_bbp_forum_subforum_count":0,"footnotes":""},"categories":[1,28,4],"tags":[],"class_list":["post-1782","post","type-post","status-publish","format-standard","hentry","category-general","category-noticies-portada","category-portada"],"post_mailing_queue_ids":[],"_links":{"self":[{"href":"https:\/\/agora.xtec.cat\/ceipmarianao\/wp-json\/wp\/v2\/posts\/1782","targetHints":{"allow":["GET"]}}],"collection":[{"href":"https:\/\/agora.xtec.cat\/ceipmarianao\/wp-json\/wp\/v2\/posts"}],"about":[{"href":"https:\/\/agora.xtec.cat\/ceipmarianao\/wp-json\/wp\/v2\/types\/post"}],"author":[{"embeddable":true,"href":"https:\/\/agora.xtec.cat\/ceipmarianao\/wp-json\/wp\/v2\/users\/3"}],"replies":[{"embeddable":true,"href":"https:\/\/agora.xtec.cat\/ceipmarianao\/wp-json\/wp\/v2\/comments?post=1782"}],"version-history":[{"count":4,"href":"https:\/\/agora.xtec.cat\/ceipmarianao\/wp-json\/wp\/v2\/posts\/1782\/revisions"}],"predecessor-version":[{"id":5489,"href":"https:\/\/agora.xtec.cat\/ceipmarianao\/wp-json\/wp\/v2\/posts\/1782\/revisions\/5489"}],"wp:attachment":[{"href":"https:\/\/agora.xtec.cat\/ceipmarianao\/wp-json\/wp\/v2\/media?parent=1782"}],"wp:term":[{"taxonomy":"category","embeddable":true,"href":"https:\/\/agora.xtec.cat\/ceipmarianao\/wp-json\/wp\/v2\/categories?post=1782"},{"taxonomy":"post_tag","embeddable":true,"href":"https:\/\/agora.xtec.cat\/ceipmarianao\/wp-json\/wp\/v2\/tags?post=1782"}],"curies":[{"name":"wp","href":"https:\/\/api.w.org\/{rel}","templated":true}]}}