{"id":1757,"date":"2018-04-09T12:31:03","date_gmt":"2018-04-09T10:31:03","guid":{"rendered":"http:\/\/agora.xtec.cat\/ceipmarianao\/?p=1757"},"modified":"2018-04-12T09:47:38","modified_gmt":"2018-04-12T07:47:38","slug":"4a-setmana-saludable-i-21a-jornada-atletica","status":"publish","type":"post","link":"https:\/\/agora.xtec.cat\/ceipmarianao\/general\/4a-setmana-saludable-i-21a-jornada-atletica\/","title":{"rendered":"4a SETMANA SALUDABLE I 21a JORNADA ATL\u00c8TICA"},"content":{"rendered":"<p style=\"text-align: justify;\">Ja queda menys per a la 4a Setmana Saludable. Tenim preparades un munt d&#8217;activitats que de ben segur que us agradaran: activitats de relax per als m\u00e9s petits, jocs en fam\u00edlia per als infants de prim\u00e0ria, ioga, zumba, xerrada-taller per als familiars&#8230; i, com no, la ja tradicional Jornada Atl\u00e8tica.<\/p>\n<p style=\"text-align: justify;\">Aqu\u00ed us deixem els cartells i els enlla\u00e7os a tota la informaci\u00f3 que us estem fent arribar:<\/p>\n<p style=\"text-align: justify;\"><a href=\"http:\/\/agora.xtec.cat\/ceipmarianao\/wp-content\/uploads\/usu17\/2018\/04\/CARTELL-4a-SETMANA-SALUDABLE.jpg\"><img loading=\"lazy\" decoding=\"async\" class=\" wp-image-1759 alignleft\" src=\"http:\/\/agora.xtec.cat\/ceipmarianao\/wp-content\/uploads\/usu17\/2018\/04\/CARTELL-4a-SETMANA-SALUDABLE-212x300.jpg\" alt=\"\" width=\"146\" height=\"207\" srcset=\"https:\/\/agora.xtec.cat\/ceipmarianao\/wp-content\/uploads\/usu17\/2018\/04\/CARTELL-4a-SETMANA-SALUDABLE-212x300.jpg 212w, https:\/\/agora.xtec.cat\/ceipmarianao\/wp-content\/uploads\/usu17\/2018\/04\/CARTELL-4a-SETMANA-SALUDABLE.jpg 567w\" sizes=\"auto, (max-width: 146px) 100vw, 146px\" \/><\/a> <a href=\"http:\/\/agora.xtec.cat\/ceipmarianao\/wp-content\/uploads\/usu17\/2018\/04\/cartell-21a-J.A..jpg\"><img loading=\"lazy\" decoding=\"async\" class=\" wp-image-1760 alignleft\" src=\"http:\/\/agora.xtec.cat\/ceipmarianao\/wp-content\/uploads\/usu17\/2018\/04\/cartell-21a-J.A.-215x300.jpg\" alt=\"\" width=\"145\" height=\"202\" srcset=\"https:\/\/agora.xtec.cat\/ceipmarianao\/wp-content\/uploads\/usu17\/2018\/04\/cartell-21a-J.A.-215x300.jpg 215w, https:\/\/agora.xtec.cat\/ceipmarianao\/wp-content\/uploads\/usu17\/2018\/04\/cartell-21a-J.A..jpg 559w\" sizes=\"auto, (max-width: 145px) 100vw, 145px\" \/><\/a><\/p>\n<p>&nbsp;<\/p>\n<p>&nbsp;<\/p>\n<p>&nbsp;<\/p>\n<p>&nbsp;<\/p>\n<p style=\"text-align: justify;\"><a href=\"https:\/\/drive.google.com\/file\/d\/1ES1dLzy0Xto-tjbM1Q_THWgjl0iFS8KQ\/view?usp=sharing\">Activitats 4a setmana Saludable<\/a><\/p>\n<p style=\"text-align: justify;\"><a href=\"https:\/\/drive.google.com\/file\/d\/11zPDxW-GDQe4CSgEI8mlHotWKgL7MZmf\/view?usp=sharing\">Informaci\u00f3 21a Jornada Atl\u00e8tica<\/a><\/p>\n<p style=\"text-align: justify;\"><a href=\"https:\/\/drive.google.com\/file\/d\/1Sa1EDimidnKOItzWmJdRecescuIEfIKw\/view?usp=sharing\">Xerrada-taller educaci\u00f3 emocional<\/a><\/p>\n<p style=\"text-align: justify;\">A m\u00e9s a m\u00e9s, tamb\u00e9 us deixem uns enlla\u00e7os a altres activitats relacionades amb la salut que es fan al nostre territori:<\/p>\n<p><a href=\"https:\/\/drive.google.com\/file\/d\/1qytOrPskaufMGAhIwDck-B77gaC-HcpK\/view?usp=sharing\">Cartell<\/a>\u00a0 i <a href=\"https:\/\/drive.google.com\/file\/d\/1wEKDqeVgMLWSJMA_IQT-4sX7_xdcTHYL\/view?usp=sharing\">d\u00edptic<\/a> Dia Mundial de la Salut<\/p>\n<p><a href=\"https:\/\/drive.google.com\/file\/d\/1xHHCyQzs9X__lUZHVxlYVxlo4qKMWOhz\/view?usp=sharing\">Cartell<\/a> i <a href=\"https:\/\/drive.google.com\/file\/d\/1xKvUTIbPiC5C35sdBohbOTcSE3EPFK5A\/view?usp=sharing\">d\u00edptic<\/a> Enlla\u00e7a&#8217;t a Marianao (activa&#8217;t fent salut)<\/p>\n","protected":false},"excerpt":{"rendered":"<p>Ja queda menys per a la 4a Setmana Saludable. Tenim preparades un munt d&#8217;activitats que de ben segur que us agradaran: activitats de relax per als m\u00e9s petits, jocs en fam\u00edlia per als infants de prim\u00e0ria, ioga, zumba, xerrada-taller per als familiars&#8230; i, com no,&hellip;  <a href=\"https:\/\/agora.xtec.cat\/ceipmarianao\/general\/4a-setmana-saludable-i-21a-jornada-atletica\/\" title=\"Read 4a SETMANA SALUDABLE I 21a JORNADA ATL\u00c8TICA\">Llegeix m\u00e9s\u00bb<\/a><\/p>\n","protected":false},"author":3,"featured_media":0,"comment_status":"closed","ping_status":"closed","sticky":false,"template":"","format":"standard","meta":{"_bbp_topic_count":0,"_bbp_reply_count":0,"_bbp_total_topic_count":0,"_bbp_total_reply_count":0,"_bbp_voice_count":0,"_bbp_anonymous_reply_count":0,"_bbp_topic_count_hidden":0,"_bbp_reply_count_hidden":0,"_bbp_forum_subforum_count":0,"footnotes":""},"categories":[1,28,4],"tags":[],"class_list":["post-1757","post","type-post","status-publish","format-standard","hentry","category-general","category-noticies-portada","category-portada"],"post_mailing_queue_ids":[],"_links":{"self":[{"href":"https:\/\/agora.xtec.cat\/ceipmarianao\/wp-json\/wp\/v2\/posts\/1757","targetHints":{"allow":["GET"]}}],"collection":[{"href":"https:\/\/agora.xtec.cat\/ceipmarianao\/wp-json\/wp\/v2\/posts"}],"about":[{"href":"https:\/\/agora.xtec.cat\/ceipmarianao\/wp-json\/wp\/v2\/types\/post"}],"author":[{"embeddable":true,"href":"https:\/\/agora.xtec.cat\/ceipmarianao\/wp-json\/wp\/v2\/users\/3"}],"replies":[{"embeddable":true,"href":"https:\/\/agora.xtec.cat\/ceipmarianao\/wp-json\/wp\/v2\/comments?post=1757"}],"version-history":[{"count":4,"href":"https:\/\/agora.xtec.cat\/ceipmarianao\/wp-json\/wp\/v2\/posts\/1757\/revisions"}],"predecessor-version":[{"id":1773,"href":"https:\/\/agora.xtec.cat\/ceipmarianao\/wp-json\/wp\/v2\/posts\/1757\/revisions\/1773"}],"wp:attachment":[{"href":"https:\/\/agora.xtec.cat\/ceipmarianao\/wp-json\/wp\/v2\/media?parent=1757"}],"wp:term":[{"taxonomy":"category","embeddable":true,"href":"https:\/\/agora.xtec.cat\/ceipmarianao\/wp-json\/wp\/v2\/categories?post=1757"},{"taxonomy":"post_tag","embeddable":true,"href":"https:\/\/agora.xtec.cat\/ceipmarianao\/wp-json\/wp\/v2\/tags?post=1757"}],"curies":[{"name":"wp","href":"https:\/\/api.w.org\/{rel}","templated":true}]}}