{"id":1734,"date":"2018-03-07T15:41:17","date_gmt":"2018-03-07T14:41:17","guid":{"rendered":"http:\/\/agora.xtec.cat\/ceipmarianao\/?p=1734"},"modified":"2018-06-27T11:02:32","modified_gmt":"2018-06-27T09:02:32","slug":"preinscripcio-2018-2019","status":"publish","type":"post","link":"https:\/\/agora.xtec.cat\/ceipmarianao\/general\/preinscripcio-2018-2019\/","title":{"rendered":"PREINSCRIPCI\u00d3 I MATR\u00cdCULA 2018-2019"},"content":{"rendered":"<h4 style=\"text-align: center;\"><strong>MATR\u00cdCULA: DEL 21 AL 27 DE JUNY (HEU DE TRUCAR AL CENTRE, AL TEL\u00c8FON 936401163, PER DEMANAR DIA I HORA)<\/strong><\/h4>\n<h5 style=\"text-align: left;\">DOCUMENTACI\u00d3 QUE CAL QUE PORTEU:<\/h5>\n<ul style=\"list-style-type: disc;\">\n<li style=\"text-align: justify;\">Original i fotoc\u00f2pia del llibre de vacunes.<\/li>\n<li style=\"text-align: justify;\">Original i fotoc\u00f2pia de la TSI (Targeta Sanit\u00e0ria Individual).<\/li>\n<li style=\"text-align: justify;\">4 fotografies mida DNI.<\/li>\n<li style=\"text-align: justify;\">El n\u00famero de compte bancari on voldreu que se us carreguin les despeses del material i de les sortides (pr\u00e8via autoritzaci\u00f3).<\/li>\n<li style=\"text-align: justify;\">Altra documentaci\u00f3 que va quedar pendent durant la preinscripci\u00f3 (DNI actualitzats&#8230;).<\/li>\n<\/ul>\n<p style=\"text-align: justify;\"><a href=\"http:\/\/queestudiar.gencat.cat\/ca\/preinscripcio\/estudis\/obligatoris\/\">Aqu\u00ed<\/a> teniu un enlla\u00e7 amb informaci\u00f3 del proc\u00e9s de preinscripci\u00f3 (p\u00e0gina oficial del Departament d&#8217;Ensenyament).<\/p>\n<p style=\"text-align: justify;\">Calendari de preinscripci\u00f3:<\/p>\n<p><a href=\"http:\/\/agora.xtec.cat\/ceipmarianao\/wp-content\/uploads\/usu17\/2018\/02\/Imatge-calendari-web.png\"><img loading=\"lazy\" decoding=\"async\" class=\" wp-image-1732 aligncenter\" src=\"http:\/\/agora.xtec.cat\/ceipmarianao\/wp-content\/uploads\/usu17\/2018\/02\/Imatge-calendari-web.png\" alt=\"\" width=\"793\" height=\"512\" srcset=\"https:\/\/agora.xtec.cat\/ceipmarianao\/wp-content\/uploads\/usu17\/2018\/02\/Imatge-calendari-web.png 626w, https:\/\/agora.xtec.cat\/ceipmarianao\/wp-content\/uploads\/usu17\/2018\/02\/Imatge-calendari-web-300x194.png 300w\" sizes=\"auto, (max-width: 793px) 100vw, 793px\" \/><\/a><\/p>\n<p style=\"text-align: justify;\">\n","protected":false},"excerpt":{"rendered":"<p>MATR\u00cdCULA: DEL 21 AL 27 DE JUNY (HEU DE TRUCAR AL CENTRE, AL TEL\u00c8FON 936401163, PER DEMANAR DIA I HORA)<br \/>\nDOCUMENTACI\u00d3 QUE CAL QUE PORTEU:<\/p>\n<ul style=\"list-style-type: disc;\">\n<li style=\"text-align: justify;\">Original i fotoc\u00f2pia del llibre de vacunes.<\/li>\n<li style=\"text-align: justify;\">Original i fotoc\u00f2pia de la TSI (Targeta Sanit\u00e0ria Individual).<\/li>\n<li style=\"text-align:&hellip;  <a href=\"https:\/\/agora.xtec.cat\/ceipmarianao\/general\/preinscripcio-2018-2019\/\" title=\"Read PREINSCRIPCI\u00d3 I MATR\u00cdCULA 2018-2019\">Llegeix m\u00e9s\u00bb<\/a><br \/>\n","protected":false},"author":1,"featured_media":0,"comment_status":"closed","ping_status":"closed","sticky":false,"template":"","format":"standard","meta":{"_bbp_topic_count":0,"_bbp_reply_count":0,"_bbp_total_topic_count":0,"_bbp_total_reply_count":0,"_bbp_voice_count":0,"_bbp_anonymous_reply_count":0,"_bbp_topic_count_hidden":0,"_bbp_reply_count_hidden":0,"_bbp_forum_subforum_count":0,"footnotes":""},"categories":[1,28,4],"tags":[],"class_list":["post-1734","post","type-post","status-publish","format-standard","hentry","category-general","category-noticies-portada","category-portada"],"post_mailing_queue_ids":[],"_links":{"self":[{"href":"https:\/\/agora.xtec.cat\/ceipmarianao\/wp-json\/wp\/v2\/posts\/1734","targetHints":{"allow":["GET"]}}],"collection":[{"href":"https:\/\/agora.xtec.cat\/ceipmarianao\/wp-json\/wp\/v2\/posts"}],"about":[{"href":"https:\/\/agora.xtec.cat\/ceipmarianao\/wp-json\/wp\/v2\/types\/post"}],"author":[{"embeddable":true,"href":"https:\/\/agora.xtec.cat\/ceipmarianao\/wp-json\/wp\/v2\/users\/1"}],"replies":[{"embeddable":true,"href":"https:\/\/agora.xtec.cat\/ceipmarianao\/wp-json\/wp\/v2\/comments?post=1734"}],"version-history":[{"count":3,"href":"https:\/\/agora.xtec.cat\/ceipmarianao\/wp-json\/wp\/v2\/posts\/1734\/revisions"}],"predecessor-version":[{"id":1828,"href":"https:\/\/agora.xtec.cat\/ceipmarianao\/wp-json\/wp\/v2\/posts\/1734\/revisions\/1828"}],"wp:attachment":[{"href":"https:\/\/agora.xtec.cat\/ceipmarianao\/wp-json\/wp\/v2\/media?parent=1734"}],"wp:term":[{"taxonomy":"category","embeddable":true,"href":"https:\/\/agora.xtec.cat\/ceipmarianao\/wp-json\/wp\/v2\/categories?post=1734"},{"taxonomy":"post_tag","embeddable":true,"href":"https:\/\/agora.xtec.cat\/ceipmarianao\/wp-json\/wp\/v2\/tags?post=1734"}],"curies":[{"name":"wp","href":"https:\/\/api.w.org\/{rel}","templated":true}]}}