{"id":1714,"date":"2018-02-27T16:40:14","date_gmt":"2018-02-27T15:40:14","guid":{"rendered":"http:\/\/agora.xtec.cat\/ceipmarianao\/?p=1714"},"modified":"2018-02-28T09:30:03","modified_gmt":"2018-02-28T08:30:03","slug":"previsio-meteorologica-dimecres-28-de-febrer","status":"publish","type":"post","link":"https:\/\/agora.xtec.cat\/ceipmarianao\/general\/previsio-meteorologica-dimecres-28-de-febrer\/","title":{"rendered":"PREVISI\u00d3 METEOROL\u00d2GICA DIMECRES 28 DE FEBRER"},"content":{"rendered":"<p style=\"text-align: justify;\">Benvolgudes fam\u00edlies,<\/p>\n<p style=\"text-align: justify;\">Segons informacions de Protecci\u00f3 Civil, les previsions meteorol\u00f2giques han empitjorat per a dem\u00e0 dimecres i, per tant, s\u2019ha d\u2019evitar al m\u00e0xim l\u2019\u00fas dels vehicles (veure informaci\u00f3 <a href=\"https:\/\/drive.google.com\/file\/d\/1WGITtcsy2J5kbt5k14KKORY7RKJjGvmf\/view?usp=sharing\">aqu\u00ed<\/a>).<\/p>\n<p style=\"text-align: justify;\">La directora dels Serveis Territorials del Departament d&#8217;Ensenyament al Baix Llobregat ens ha dit que, donades les prediccions, creu important que us notifiquem que en el cas que dem\u00e0 al nostre municipi la neu hagi quallat i aix\u00f2 suposi,\u00a0 tant del professorat com de l\u2019alumnat, dificultats per arribar al centre no es podr\u00e0 garantir l\u2019activitat acad\u00e8mica normalitzada.<\/p>\n<p style=\"text-align: justify;\">Si fos el cas, el centre romandria obert amb serveis m\u00ednims.<\/p>\n<p style=\"text-align: justify;\"><a href=\"http:\/\/agora.xtec.cat\/ceipmarianao\/wp-content\/uploads\/usu17\/2018\/02\/DSCN0082.jpg\"><img loading=\"lazy\" decoding=\"async\" class=\"wp-image-1719 aligncenter\" src=\"http:\/\/agora.xtec.cat\/ceipmarianao\/wp-content\/uploads\/usu17\/2018\/02\/DSCN0082-1024x768.jpg\" alt=\"\" width=\"427\" height=\"320\" srcset=\"https:\/\/agora.xtec.cat\/ceipmarianao\/wp-content\/uploads\/usu17\/2018\/02\/DSCN0082-1024x768.jpg 1024w, https:\/\/agora.xtec.cat\/ceipmarianao\/wp-content\/uploads\/usu17\/2018\/02\/DSCN0082-300x225.jpg 300w, https:\/\/agora.xtec.cat\/ceipmarianao\/wp-content\/uploads\/usu17\/2018\/02\/DSCN0082-768x576.jpg 768w, https:\/\/agora.xtec.cat\/ceipmarianao\/wp-content\/uploads\/usu17\/2018\/02\/DSCN0082-200x150.jpg 200w\" sizes=\"auto, (max-width: 427px) 100vw, 427px\" \/><\/a><\/p>\n","protected":false},"excerpt":{"rendered":"<p>Benvolgudes fam\u00edlies,<br \/>\nSegons informacions de Protecci\u00f3 Civil, les previsions meteorol\u00f2giques han empitjorat per a dem\u00e0 dimecres i, per tant, s\u2019ha d\u2019evitar al m\u00e0xim l\u2019\u00fas dels vehicles (veure informaci\u00f3 <a href=\"https:\/\/drive.google.com\/file\/d\/1WGITtcsy2J5kbt5k14KKORY7RKJjGvmf\/view?usp=sharing\">aqu\u00ed<\/a>).<br \/>\nLa directora dels Serveis Territorials del Departament d&#8217;Ensenyament al Baix Llobregat ens ha dit que, donades les&hellip;  <a href=\"https:\/\/agora.xtec.cat\/ceipmarianao\/general\/previsio-meteorologica-dimecres-28-de-febrer\/\" title=\"Read PREVISI\u00d3 METEOROL\u00d2GICA DIMECRES 28 DE FEBRER\">Llegeix m\u00e9s\u00bb<\/a><\/p>\n","protected":false},"author":3,"featured_media":0,"comment_status":"closed","ping_status":"closed","sticky":false,"template":"","format":"standard","meta":{"_bbp_topic_count":0,"_bbp_reply_count":0,"_bbp_total_topic_count":0,"_bbp_total_reply_count":0,"_bbp_voice_count":0,"_bbp_anonymous_reply_count":0,"_bbp_topic_count_hidden":0,"_bbp_reply_count_hidden":0,"_bbp_forum_subforum_count":0,"footnotes":""},"categories":[1,28,4],"tags":[],"class_list":["post-1714","post","type-post","status-publish","format-standard","hentry","category-general","category-noticies-portada","category-portada"],"post_mailing_queue_ids":[],"_links":{"self":[{"href":"https:\/\/agora.xtec.cat\/ceipmarianao\/wp-json\/wp\/v2\/posts\/1714","targetHints":{"allow":["GET"]}}],"collection":[{"href":"https:\/\/agora.xtec.cat\/ceipmarianao\/wp-json\/wp\/v2\/posts"}],"about":[{"href":"https:\/\/agora.xtec.cat\/ceipmarianao\/wp-json\/wp\/v2\/types\/post"}],"author":[{"embeddable":true,"href":"https:\/\/agora.xtec.cat\/ceipmarianao\/wp-json\/wp\/v2\/users\/3"}],"replies":[{"embeddable":true,"href":"https:\/\/agora.xtec.cat\/ceipmarianao\/wp-json\/wp\/v2\/comments?post=1714"}],"version-history":[{"count":3,"href":"https:\/\/agora.xtec.cat\/ceipmarianao\/wp-json\/wp\/v2\/posts\/1714\/revisions"}],"predecessor-version":[{"id":1720,"href":"https:\/\/agora.xtec.cat\/ceipmarianao\/wp-json\/wp\/v2\/posts\/1714\/revisions\/1720"}],"wp:attachment":[{"href":"https:\/\/agora.xtec.cat\/ceipmarianao\/wp-json\/wp\/v2\/media?parent=1714"}],"wp:term":[{"taxonomy":"category","embeddable":true,"href":"https:\/\/agora.xtec.cat\/ceipmarianao\/wp-json\/wp\/v2\/categories?post=1714"},{"taxonomy":"post_tag","embeddable":true,"href":"https:\/\/agora.xtec.cat\/ceipmarianao\/wp-json\/wp\/v2\/tags?post=1714"}],"curies":[{"name":"wp","href":"https:\/\/api.w.org\/{rel}","templated":true}]}}