{"id":1678,"date":"2018-02-28T10:57:46","date_gmt":"2018-02-28T09:57:46","guid":{"rendered":"http:\/\/agora.xtec.cat\/ceipmarianao\/?p=1678"},"modified":"2025-10-14T20:07:05","modified_gmt":"2025-10-14T18:07:05","slug":"jornada-portes-obertes-i-preinscripcio-2018-2019","status":"publish","type":"post","link":"https:\/\/agora.xtec.cat\/ceipmarianao\/general\/jornada-portes-obertes-i-preinscripcio-2018-2019\/","title":{"rendered":"JORNADA PORTES OBERTES 2018"},"content":{"rendered":"<p style=\"text-align: justify;\"><a href=\"http:\/\/agora.xtec.cat\/ceipmarianao\/wp-content\/uploads\/usu17\/2018\/02\/Entrada-ESCOLA-18.jpg\"><img loading=\"lazy\" decoding=\"async\" class=\"aligncenter wp-image-1712\" src=\"http:\/\/agora.xtec.cat\/ceipmarianao\/wp-content\/uploads\/usu17\/2018\/02\/Entrada-ESCOLA-18-300x224.jpg\" alt=\"\" width=\"376\" height=\"280\" srcset=\"https:\/\/agora.xtec.cat\/ceipmarianao\/wp-content\/uploads\/usu17\/2018\/02\/Entrada-ESCOLA-18-300x224.jpg 300w, https:\/\/agora.xtec.cat\/ceipmarianao\/wp-content\/uploads\/usu17\/2018\/02\/Entrada-ESCOLA-18-768x572.jpg 768w, https:\/\/agora.xtec.cat\/ceipmarianao\/wp-content\/uploads\/usu17\/2018\/02\/Entrada-ESCOLA-18-200x150.jpg 200w, https:\/\/agora.xtec.cat\/ceipmarianao\/wp-content\/uploads\/usu17\/2018\/02\/Entrada-ESCOLA-18.jpg 910w\" sizes=\"auto, (max-width: 376px) 100vw, 376px\" \/><\/a><\/p>\n<p style=\"text-align: justify;\"><a href=\"https:\/\/drive.google.com\/file\/d\/1VgLjlrNLcCK3EPvqN4zIz9ozYfzrdxjl\/view?usp=sharing\">Tr\u00edptic jornada portes obertes (exterior)<\/a><\/p>\n<p style=\"text-align: justify;\"><a href=\"https:\/\/drive.google.com\/file\/d\/17kmNlrv_c-QHwO3_jwUUmg5o0K_rUIuJ\/view?usp=sharing\">Tr\u00edptic jornada portes obertes (interior)<\/a><\/p>\n<p style=\"text-align: justify;\">Aqu\u00ed us deixem un v\u00eddeo de fa un parell de cursos i els v\u00eddeos que vam fer servir a les dues sessions de Jornada de Portes Obertes perqu\u00e8, si us ve de gust, els torneu a mirar o si no vau poder venir ens conegueu una mica m\u00e9s. Va ser un plaer compartir el nostre projecte amb vosaltres:<\/p>\n<p style=\"text-align: center;\"><iframe loading=\"lazy\" src=\"https:\/\/www.youtube.com\/embed\/YBv5DsAg0AY\" width=\"560\" height=\"315\" frameborder=\"0\" allowfullscreen=\"allowfullscreen\"><\/iframe><\/p>\n<p style=\"text-align: center;\"><iframe loading=\"lazy\" src=\"https:\/\/www.youtube.com\/embed\/q6DMyKzf0rU\" width=\"560\" height=\"315\" frameborder=\"0\" allowfullscreen=\"allowfullscreen\"><\/iframe><\/p>\n","protected":false},"excerpt":{"rendered":"<p><a href=\"http:\/\/agora.xtec.cat\/ceipmarianao\/wp-content\/uploads\/usu17\/2018\/02\/Entrada-ESCOLA-18.jpg\"><\/a><br \/>\n<a href=\"https:\/\/drive.google.com\/file\/d\/1VgLjlrNLcCK3EPvqN4zIz9ozYfzrdxjl\/view?usp=sharing\">Tr\u00edptic jornada portes obertes (exterior)<\/a><br \/>\n<a href=\"https:\/\/drive.google.com\/file\/d\/17kmNlrv_c-QHwO3_jwUUmg5o0K_rUIuJ\/view?usp=sharing\">Tr\u00edptic jornada portes obertes (interior)<\/a><br \/>\nAqu\u00ed us deixem un v\u00eddeo de fa un parell de cursos i els v\u00eddeos que vam fer servir a les dues sessions de Jornada de Portes Obertes perqu\u00e8, si us ve de gust, els&hellip;  <a href=\"https:\/\/agora.xtec.cat\/ceipmarianao\/general\/jornada-portes-obertes-i-preinscripcio-2018-2019\/\" title=\"Read JORNADA PORTES OBERTES 2018\">Llegeix m\u00e9s\u00bb<\/a><\/p>\n","protected":false},"author":3,"featured_media":0,"comment_status":"closed","ping_status":"closed","sticky":false,"template":"","format":"standard","meta":{"_bbp_topic_count":0,"_bbp_reply_count":0,"_bbp_total_topic_count":0,"_bbp_total_reply_count":0,"_bbp_voice_count":0,"_bbp_anonymous_reply_count":0,"_bbp_topic_count_hidden":0,"_bbp_reply_count_hidden":0,"_bbp_forum_subforum_count":0,"footnotes":""},"categories":[1,28,4],"tags":[],"class_list":["post-1678","post","type-post","status-publish","format-standard","hentry","category-general","category-noticies-portada","category-portada"],"post_mailing_queue_ids":[],"_links":{"self":[{"href":"https:\/\/agora.xtec.cat\/ceipmarianao\/wp-json\/wp\/v2\/posts\/1678","targetHints":{"allow":["GET"]}}],"collection":[{"href":"https:\/\/agora.xtec.cat\/ceipmarianao\/wp-json\/wp\/v2\/posts"}],"about":[{"href":"https:\/\/agora.xtec.cat\/ceipmarianao\/wp-json\/wp\/v2\/types\/post"}],"author":[{"embeddable":true,"href":"https:\/\/agora.xtec.cat\/ceipmarianao\/wp-json\/wp\/v2\/users\/3"}],"replies":[{"embeddable":true,"href":"https:\/\/agora.xtec.cat\/ceipmarianao\/wp-json\/wp\/v2\/comments?post=1678"}],"version-history":[{"count":5,"href":"https:\/\/agora.xtec.cat\/ceipmarianao\/wp-json\/wp\/v2\/posts\/1678\/revisions"}],"predecessor-version":[{"id":5490,"href":"https:\/\/agora.xtec.cat\/ceipmarianao\/wp-json\/wp\/v2\/posts\/1678\/revisions\/5490"}],"wp:attachment":[{"href":"https:\/\/agora.xtec.cat\/ceipmarianao\/wp-json\/wp\/v2\/media?parent=1678"}],"wp:term":[{"taxonomy":"category","embeddable":true,"href":"https:\/\/agora.xtec.cat\/ceipmarianao\/wp-json\/wp\/v2\/categories?post=1678"},{"taxonomy":"post_tag","embeddable":true,"href":"https:\/\/agora.xtec.cat\/ceipmarianao\/wp-json\/wp\/v2\/tags?post=1678"}],"curies":[{"name":"wp","href":"https:\/\/api.w.org\/{rel}","templated":true}]}}