{"id":1592,"date":"2017-10-30T13:05:31","date_gmt":"2017-10-30T12:05:31","guid":{"rendered":"http:\/\/agora.xtec.cat\/ceipmarianao\/?p=1592"},"modified":"2018-10-21T14:36:47","modified_gmt":"2018-10-21T12:36:47","slug":"projecte-lecxit","status":"publish","type":"post","link":"https:\/\/agora.xtec.cat\/ceipmarianao\/general\/projecte-lecxit\/","title":{"rendered":"Projecte LECXIT"},"content":{"rendered":"<p style=\"text-align: justify;\">El Lecxit \u00e9s un projecte que vam iniciar fa un parell de cursos: persones volunt\u00e0ries v\u00e9nen una hora, un cop a la setmana, a compartir moments de lectura amb alumnes de 4t i 5\u00e8 de l&#8217;Escola proposats i proposades per les tutores.<\/p>\n<div style=\"text-align: justify;\">\n<div>\n<p>\u00c9s un projecte engrescador per als infants i que aporta molta satisfacci\u00f3 personal a les persones volunt\u00e0ries.<\/p>\n<\/div>\n<p>Si vols invertir una hora del teu temps (o coneixes alg\u00fa que hi podria estar interessat) i emportar-te la satisfacci\u00f3 que aporta veure com progressa l&#8217;infant amb qui comparteixes moments de lectura, no ho dubtis, participa al projecte Lecxit.<\/p>\n<\/div>\n<p style=\"text-align: justify;\">Animeu-vos-hi!<\/p>\n<p style=\"text-align: justify;\"><a href=\"http:\/\/agora.xtec.cat\/ceipmarianao\/wp-content\/uploads\/usu17\/2017\/10\/Lecxit.png\"><img loading=\"lazy\" decoding=\"async\" class=\"size-medium wp-image-1594 alignleft\" src=\"http:\/\/agora.xtec.cat\/ceipmarianao\/wp-content\/uploads\/usu17\/2017\/10\/Lecxit-142x300.png\" alt=\"\" width=\"142\" height=\"300\" srcset=\"https:\/\/agora.xtec.cat\/ceipmarianao\/wp-content\/uploads\/usu17\/2017\/10\/Lecxit-142x300.png 142w, https:\/\/agora.xtec.cat\/ceipmarianao\/wp-content\/uploads\/usu17\/2017\/10\/Lecxit.png 304w\" sizes=\"auto, (max-width: 142px) 100vw, 142px\" \/><\/a><a href=\"http:\/\/agora.xtec.cat\/ceipmarianao\/wp-content\/uploads\/usu17\/2017\/10\/Lecxit2.png\"><img loading=\"lazy\" decoding=\"async\" class=\"size-medium wp-image-1595 alignleft\" src=\"http:\/\/agora.xtec.cat\/ceipmarianao\/wp-content\/uploads\/usu17\/2017\/10\/Lecxit2-141x300.png\" alt=\"\" width=\"141\" height=\"300\" srcset=\"https:\/\/agora.xtec.cat\/ceipmarianao\/wp-content\/uploads\/usu17\/2017\/10\/Lecxit2-141x300.png 141w, https:\/\/agora.xtec.cat\/ceipmarianao\/wp-content\/uploads\/usu17\/2017\/10\/Lecxit2.png 306w\" sizes=\"auto, (max-width: 141px) 100vw, 141px\" \/><\/a><\/p>\n<p style=\"text-align: justify;\">\n","protected":false},"excerpt":{"rendered":"<p>El Lecxit \u00e9s un projecte que vam iniciar fa un parell de cursos: persones volunt\u00e0ries v\u00e9nen una hora, un cop a la setmana, a compartir moments de lectura amb alumnes de 4t i 5\u00e8 de l&#8217;Escola proposats i proposades per les tutores.<\/p>\n<p>\u00c9s un projecte engrescador&hellip;  <a href=\"https:\/\/agora.xtec.cat\/ceipmarianao\/general\/projecte-lecxit\/\" title=\"Read Projecte LECXIT\">Llegeix m\u00e9s\u00bb<\/a><\/p>\n","protected":false},"author":3,"featured_media":0,"comment_status":"closed","ping_status":"closed","sticky":false,"template":"","format":"standard","meta":{"_bbp_topic_count":0,"_bbp_reply_count":0,"_bbp_total_topic_count":0,"_bbp_total_reply_count":0,"_bbp_voice_count":0,"_bbp_anonymous_reply_count":0,"_bbp_topic_count_hidden":0,"_bbp_reply_count_hidden":0,"_bbp_forum_subforum_count":0,"footnotes":""},"categories":[1,28,4],"tags":[],"class_list":["post-1592","post","type-post","status-publish","format-standard","hentry","category-general","category-noticies-portada","category-portada"],"post_mailing_queue_ids":[],"_links":{"self":[{"href":"https:\/\/agora.xtec.cat\/ceipmarianao\/wp-json\/wp\/v2\/posts\/1592","targetHints":{"allow":["GET"]}}],"collection":[{"href":"https:\/\/agora.xtec.cat\/ceipmarianao\/wp-json\/wp\/v2\/posts"}],"about":[{"href":"https:\/\/agora.xtec.cat\/ceipmarianao\/wp-json\/wp\/v2\/types\/post"}],"author":[{"embeddable":true,"href":"https:\/\/agora.xtec.cat\/ceipmarianao\/wp-json\/wp\/v2\/users\/3"}],"replies":[{"embeddable":true,"href":"https:\/\/agora.xtec.cat\/ceipmarianao\/wp-json\/wp\/v2\/comments?post=1592"}],"version-history":[{"count":3,"href":"https:\/\/agora.xtec.cat\/ceipmarianao\/wp-json\/wp\/v2\/posts\/1592\/revisions"}],"predecessor-version":[{"id":1925,"href":"https:\/\/agora.xtec.cat\/ceipmarianao\/wp-json\/wp\/v2\/posts\/1592\/revisions\/1925"}],"wp:attachment":[{"href":"https:\/\/agora.xtec.cat\/ceipmarianao\/wp-json\/wp\/v2\/media?parent=1592"}],"wp:term":[{"taxonomy":"category","embeddable":true,"href":"https:\/\/agora.xtec.cat\/ceipmarianao\/wp-json\/wp\/v2\/categories?post=1592"},{"taxonomy":"post_tag","embeddable":true,"href":"https:\/\/agora.xtec.cat\/ceipmarianao\/wp-json\/wp\/v2\/tags?post=1592"}],"curies":[{"name":"wp","href":"https:\/\/api.w.org\/{rel}","templated":true}]}}