{"id":1526,"date":"2017-07-17T12:26:31","date_gmt":"2017-07-17T10:26:31","guid":{"rendered":"http:\/\/agora.xtec.cat\/ceipmarianao\/?p=1526"},"modified":"2017-07-19T15:28:20","modified_gmt":"2017-07-19T13:28:20","slug":"informacio-dinteres-inici-de-curs-2017-2018-i-autoritzacions","status":"publish","type":"post","link":"https:\/\/agora.xtec.cat\/ceipmarianao\/general\/informacio-dinteres-inici-de-curs-2017-2018-i-autoritzacions\/","title":{"rendered":"Informaci\u00f3 d&#8217;inter\u00e8s inici de curs 2017-2018 i autoritzacions"},"content":{"rendered":"<p style=\"text-align: left;\">Aspectes d&#8217;inter\u00e8s per a l\u2019inici del curs vinent:<\/p>\n<ul>\n<li style=\"text-align: justify;\">Dimarts 12 de setembre comen\u00e7ar\u00e0 el nou curs escolar 2017-2018.<\/li>\n<li style=\"text-align: justify;\">L&#8217;horari lectiu ser\u00e0 el mateix d&#8217;aquest curs: de 9:00 h a 12:30 h i de 15:00 h a 16:30 h.<\/li>\n<li style=\"text-align: justify;\">Els\/les alumnes d&#8217;Educaci\u00f3 Infantil accediran a l&#8217;escola per la porta situada al Passeig de les Mimoses. Els infants de Prim\u00e0ria amb germans\/es a Infantil tamb\u00e9 hi podran accedir per aquesta porta (si han de sortir pel Passeig de les Mimoses haureu d\u2019emplenar l\u2019autoritzaci\u00f3 corresponent i lliurar-la a la tutora).<\/li>\n<li style=\"text-align: justify;\">Als nens i nenes que comencen P4, P5 i 1r els\/les estaran esperant les tutores del curs passat a la porta de l&#8217;acc\u00e9s d&#8217;Infantil. Els infants que cursaran 1r sortiran per la porta de Prim\u00e0ria des del primer dia, a les 12:30 h i a les 16:30 h.<\/li>\n<li style=\"text-align: justify;\">L&#8217;alumnat d&#8217;Educaci\u00f3 Prim\u00e0ria accedir\u00e0 al centre per la porta del carrer Xiprers.<\/li>\n<li style=\"text-align: justify;\">Els infants nous hauran de venir a secretaria o direcci\u00f3 i els acompanyarem a les seves aules.<\/li>\n<li style=\"text-align: justify;\">Les fam\u00edlies que vulguin fer \u00fas del servei de menjador des del primer dia hauran de comunicar-ho a la tutora corresponent mitjan\u00e7ant una nota escrita i dir-ho a la coordinadora del servei de menjador (s\u2019haur\u00e0 d\u2019haver fet, pr\u00e8viament, la inscripci\u00f3 telem\u00e0tica).<\/li>\n<li style=\"text-align: justify;\">El primer dia no s&#8217;hauran de portar els llibres i, per tant, els familiars no hauran d&#8217;accedir al recinte escolar (a excepci\u00f3 dels de P3).<\/li>\n<li style=\"text-align: justify;\">El primer dia de curs us farem arribar una circular amb aspectes d\u2019inter\u00e8s per a l\u2019organitzaci\u00f3 i el funcionament del centre i un plec d&#8217;autoritzacions, algunes d&#8217;elles tamb\u00e9 enlla\u00e7ades a aquest article.<\/li>\n<\/ul>\n<p><a href=\"https:\/\/drive.google.com\/file\/d\/0B7L1ZOzeL__SN1ZSakRmUXpGdG8\/view?usp=sharing\">Autoritzacions unificades<\/a><\/p>\n<p><a href=\"https:\/\/drive.google.com\/file\/d\/0B7L1ZOzeL__SQ1ZLYWVRNGQtUFE\/view?usp=sharing\">Autoritzaci\u00f3 medicaments<\/a><\/p>\n","protected":false},"excerpt":{"rendered":"<p>Aspectes d&#8217;inter\u00e8s per a l\u2019inici del curs vinent:<\/p>\n<ul>\n<li style=\"text-align: justify;\">Dimarts 12 de setembre comen\u00e7ar\u00e0 el nou curs escolar 2017-2018.<\/li>\n<li style=\"text-align: justify;\">L&#8217;horari lectiu ser\u00e0 el mateix d&#8217;aquest curs: de 9:00 h a 12:30 h i de 15:00 h a 16:30 h.<\/li>\n<li style=\"text-align: justify;\">Els\/les alumnes d&#8217;Educaci\u00f3 Infantil&hellip;  <a href=\"https:\/\/agora.xtec.cat\/ceipmarianao\/general\/informacio-dinteres-inici-de-curs-2017-2018-i-autoritzacions\/\" title=\"Read Informaci\u00f3 d&#8217;inter\u00e8s inici de curs 2017-2018 i autoritzacions\">Llegeix m\u00e9s\u00bb<\/a><br \/>\n","protected":false},"author":3,"featured_media":0,"comment_status":"closed","ping_status":"closed","sticky":false,"template":"","format":"standard","meta":{"_bbp_topic_count":0,"_bbp_reply_count":0,"_bbp_total_topic_count":0,"_bbp_total_reply_count":0,"_bbp_voice_count":0,"_bbp_anonymous_reply_count":0,"_bbp_topic_count_hidden":0,"_bbp_reply_count_hidden":0,"_bbp_forum_subforum_count":0,"footnotes":""},"categories":[1,28,4],"tags":[],"class_list":["post-1526","post","type-post","status-publish","format-standard","hentry","category-general","category-noticies-portada","category-portada"],"post_mailing_queue_ids":[],"_links":{"self":[{"href":"https:\/\/agora.xtec.cat\/ceipmarianao\/wp-json\/wp\/v2\/posts\/1526","targetHints":{"allow":["GET"]}}],"collection":[{"href":"https:\/\/agora.xtec.cat\/ceipmarianao\/wp-json\/wp\/v2\/posts"}],"about":[{"href":"https:\/\/agora.xtec.cat\/ceipmarianao\/wp-json\/wp\/v2\/types\/post"}],"author":[{"embeddable":true,"href":"https:\/\/agora.xtec.cat\/ceipmarianao\/wp-json\/wp\/v2\/users\/3"}],"replies":[{"embeddable":true,"href":"https:\/\/agora.xtec.cat\/ceipmarianao\/wp-json\/wp\/v2\/comments?post=1526"}],"version-history":[{"count":3,"href":"https:\/\/agora.xtec.cat\/ceipmarianao\/wp-json\/wp\/v2\/posts\/1526\/revisions"}],"predecessor-version":[{"id":1541,"href":"https:\/\/agora.xtec.cat\/ceipmarianao\/wp-json\/wp\/v2\/posts\/1526\/revisions\/1541"}],"wp:attachment":[{"href":"https:\/\/agora.xtec.cat\/ceipmarianao\/wp-json\/wp\/v2\/media?parent=1526"}],"wp:term":[{"taxonomy":"category","embeddable":true,"href":"https:\/\/agora.xtec.cat\/ceipmarianao\/wp-json\/wp\/v2\/categories?post=1526"},{"taxonomy":"post_tag","embeddable":true,"href":"https:\/\/agora.xtec.cat\/ceipmarianao\/wp-json\/wp\/v2\/tags?post=1526"}],"curies":[{"name":"wp","href":"https:\/\/api.w.org\/{rel}","templated":true}]}}