{"id":1509,"date":"2017-06-21T13:12:19","date_gmt":"2017-06-21T11:12:19","guid":{"rendered":"http:\/\/agora.xtec.cat\/ceipmarianao\/?p=1509"},"modified":"2025-10-14T20:14:13","modified_gmt":"2025-10-14T18:14:13","slug":"sopar-i-comiat-de-6e","status":"publish","type":"post","link":"https:\/\/agora.xtec.cat\/ceipmarianao\/general\/sopar-i-comiat-de-6e\/","title":{"rendered":"Sopar i comiat de 6\u00e8"},"content":{"rendered":"<ol>\n<li style=\"text-align: justify;\">Divendres 16 de juny vam fer el sopar de 6\u00e8 i avui, 21 de juny, hem acomiadat l&#8217;\u00faltim dia de cole dient un merescut &#8220;<em>ad\u00e9u, fins sempre<\/em>&#8221; als infants de 6\u00e8. Tota la comunitat educativa els desitgem molt\u00edssima sort a la nova etapa que comen\u00e7aran al setembre i, com no, que siguin molt, per\u00f2 que molt feli\u00e7os!!!<\/li>\n<\/ol>\n","protected":false},"excerpt":{"rendered":"<ol>\n<li style=\"text-align: justify;\">Divendres 16 de juny vam fer el sopar de 6\u00e8 i avui, 21 de juny, hem acomiadat l&#8217;\u00faltim dia de cole dient un merescut &#8220;ad\u00e9u, fins sempre&#8221; als infants de 6\u00e8. Tota la comunitat educativa els desitgem molt\u00edssima sort a la nova etapa&hellip;  <a href=\"https:\/\/agora.xtec.cat\/ceipmarianao\/general\/sopar-i-comiat-de-6e\/\" title=\"Read Sopar i comiat de 6\u00e8\">Llegeix m\u00e9s\u00bb<\/a><br \/>\n","protected":false},"author":3,"featured_media":0,"comment_status":"closed","ping_status":"closed","sticky":false,"template":"","format":"standard","meta":{"_bbp_topic_count":0,"_bbp_reply_count":0,"_bbp_total_topic_count":0,"_bbp_total_reply_count":0,"_bbp_voice_count":0,"_bbp_anonymous_reply_count":0,"_bbp_topic_count_hidden":0,"_bbp_reply_count_hidden":0,"_bbp_forum_subforum_count":0,"footnotes":""},"categories":[1,28,4],"tags":[],"class_list":["post-1509","post","type-post","status-publish","format-standard","hentry","category-general","category-noticies-portada","category-portada"],"post_mailing_queue_ids":[],"_links":{"self":[{"href":"https:\/\/agora.xtec.cat\/ceipmarianao\/wp-json\/wp\/v2\/posts\/1509","targetHints":{"allow":["GET"]}}],"collection":[{"href":"https:\/\/agora.xtec.cat\/ceipmarianao\/wp-json\/wp\/v2\/posts"}],"about":[{"href":"https:\/\/agora.xtec.cat\/ceipmarianao\/wp-json\/wp\/v2\/types\/post"}],"author":[{"embeddable":true,"href":"https:\/\/agora.xtec.cat\/ceipmarianao\/wp-json\/wp\/v2\/users\/3"}],"replies":[{"embeddable":true,"href":"https:\/\/agora.xtec.cat\/ceipmarianao\/wp-json\/wp\/v2\/comments?post=1509"}],"version-history":[{"count":4,"href":"https:\/\/agora.xtec.cat\/ceipmarianao\/wp-json\/wp\/v2\/posts\/1509\/revisions"}],"predecessor-version":[{"id":5499,"href":"https:\/\/agora.xtec.cat\/ceipmarianao\/wp-json\/wp\/v2\/posts\/1509\/revisions\/5499"}],"wp:attachment":[{"href":"https:\/\/agora.xtec.cat\/ceipmarianao\/wp-json\/wp\/v2\/media?parent=1509"}],"wp:term":[{"taxonomy":"category","embeddable":true,"href":"https:\/\/agora.xtec.cat\/ceipmarianao\/wp-json\/wp\/v2\/categories?post=1509"},{"taxonomy":"post_tag","embeddable":true,"href":"https:\/\/agora.xtec.cat\/ceipmarianao\/wp-json\/wp\/v2\/tags?post=1509"}],"curies":[{"name":"wp","href":"https:\/\/api.w.org\/{rel}","templated":true}]}}