{"id":1500,"date":"2017-06-02T12:32:13","date_gmt":"2017-06-02T10:32:13","guid":{"rendered":"http:\/\/agora.xtec.cat\/ceipmarianao\/?p=1500"},"modified":"2017-06-02T12:33:04","modified_gmt":"2017-06-02T10:33:04","slug":"matricula-2017-2018","status":"publish","type":"post","link":"https:\/\/agora.xtec.cat\/ceipmarianao\/general\/matricula-2017-2018\/","title":{"rendered":"Matr\u00edcula 2017-2018"},"content":{"rendered":"<div>\n<div>\n<div>\n<div>\n<p style=\"text-align: justify;\">Us informem que per venir a formalitzar la matr\u00edcula per al curs 2017-2018 (del 12 al 16 de juny) haureu de trucar al centre, al n\u00famero de tel\u00e8fon 93 6401163, i demanar dia i hora. Recordeu que haureu de portar la documentaci\u00f3 seg\u00fcent:<\/p>\n<\/div>\n<p style=\"text-align: justify;\">&#8211; Fotoc\u00f2pia del llibre de vacunes.<\/p>\n<\/div>\n<p style=\"text-align: justify;\">&#8211; 4 fotografies mida carnet.<\/p>\n<\/div>\n<p style=\"text-align: justify;\">&#8211; N\u00famero de compte on voldreu que us fem arribar els pagaments que autoritzeu (quota de material, sortides&#8230;).<\/p>\n<\/div>\n<p style=\"text-align: justify;\">&#8211; Documentaci\u00f3 que va quedar pendent a la preinscripci\u00f3, si \u00e9s el cas: DNI actualitzat, DNI d&#8217;algun dels progenitors, TSI&#8230;<\/p>\n","protected":false},"excerpt":{"rendered":"<p>Us informem que per venir a formalitzar la matr\u00edcula per al curs 2017-2018 (del 12 al 16 de juny) haureu de trucar al centre, al n\u00famero de tel\u00e8fon 93 6401163, i demanar dia i hora. Recordeu que haureu de portar la documentaci\u00f3 seg\u00fcent:<\/p>\n<p>&#8211; Fotoc\u00f2pia del&hellip;  <a href=\"https:\/\/agora.xtec.cat\/ceipmarianao\/general\/matricula-2017-2018\/\" title=\"Read Matr\u00edcula 2017-2018\">Llegeix m\u00e9s\u00bb<\/a><\/p>\n","protected":false},"author":3,"featured_media":0,"comment_status":"open","ping_status":"closed","sticky":false,"template":"","format":"standard","meta":{"_bbp_topic_count":0,"_bbp_reply_count":0,"_bbp_total_topic_count":0,"_bbp_total_reply_count":0,"_bbp_voice_count":0,"_bbp_anonymous_reply_count":0,"_bbp_topic_count_hidden":0,"_bbp_reply_count_hidden":0,"_bbp_forum_subforum_count":0,"footnotes":""},"categories":[1,28,4],"tags":[],"class_list":["post-1500","post","type-post","status-publish","format-standard","hentry","category-general","category-noticies-portada","category-portada"],"post_mailing_queue_ids":[],"_links":{"self":[{"href":"https:\/\/agora.xtec.cat\/ceipmarianao\/wp-json\/wp\/v2\/posts\/1500","targetHints":{"allow":["GET"]}}],"collection":[{"href":"https:\/\/agora.xtec.cat\/ceipmarianao\/wp-json\/wp\/v2\/posts"}],"about":[{"href":"https:\/\/agora.xtec.cat\/ceipmarianao\/wp-json\/wp\/v2\/types\/post"}],"author":[{"embeddable":true,"href":"https:\/\/agora.xtec.cat\/ceipmarianao\/wp-json\/wp\/v2\/users\/3"}],"replies":[{"embeddable":true,"href":"https:\/\/agora.xtec.cat\/ceipmarianao\/wp-json\/wp\/v2\/comments?post=1500"}],"version-history":[{"count":3,"href":"https:\/\/agora.xtec.cat\/ceipmarianao\/wp-json\/wp\/v2\/posts\/1500\/revisions"}],"predecessor-version":[{"id":1503,"href":"https:\/\/agora.xtec.cat\/ceipmarianao\/wp-json\/wp\/v2\/posts\/1500\/revisions\/1503"}],"wp:attachment":[{"href":"https:\/\/agora.xtec.cat\/ceipmarianao\/wp-json\/wp\/v2\/media?parent=1500"}],"wp:term":[{"taxonomy":"category","embeddable":true,"href":"https:\/\/agora.xtec.cat\/ceipmarianao\/wp-json\/wp\/v2\/categories?post=1500"},{"taxonomy":"post_tag","embeddable":true,"href":"https:\/\/agora.xtec.cat\/ceipmarianao\/wp-json\/wp\/v2\/tags?post=1500"}],"curies":[{"name":"wp","href":"https:\/\/api.w.org\/{rel}","templated":true}]}}