{"id":1496,"date":"2017-05-30T12:18:12","date_gmt":"2017-05-30T10:18:12","guid":{"rendered":"http:\/\/agora.xtec.cat\/ceipmarianao\/?p=1496"},"modified":"2025-10-14T20:18:41","modified_gmt":"2025-10-14T18:18:41","slug":"3a-setmana-saludable","status":"publish","type":"post","link":"https:\/\/agora.xtec.cat\/ceipmarianao\/general\/3a-setmana-saludable\/","title":{"rendered":"3a Setmana Saludable"},"content":{"rendered":"<p style=\"text-align: justify;\">Del 8 al 12 de maig, com ja sabeu, vam celebrar la 3a Setmana Saludable. Tal i com us vam prometre, aqu\u00ed us deixem un v\u00eddeo amb fotografies que resumeixen les activitats que vam fer: tallers d&#8217;alimentaci\u00f3 saludable per als infants i les fam\u00edlies, circuits i jocs en fam\u00edlia, sortida al <em>Caprabo<\/em> del grup de 3r, ioga, esmorzar saludable, zumba, 20a Jornada Atl\u00e8tica i exposici\u00f3. Esperem que us agradi!<\/p>\n","protected":false},"excerpt":{"rendered":"<p>Del 8 al 12 de maig, com ja sabeu, vam celebrar la 3a Setmana Saludable. Tal i com us vam prometre, aqu\u00ed us deixem un v\u00eddeo amb fotografies que resumeixen les activitats que vam fer: tallers d&#8217;alimentaci\u00f3 saludable per als infants i les fam\u00edlies, circuits&hellip;  <a href=\"https:\/\/agora.xtec.cat\/ceipmarianao\/general\/3a-setmana-saludable\/\" title=\"Read 3a Setmana Saludable\">Llegeix m\u00e9s\u00bb<\/a><\/p>\n","protected":false},"author":3,"featured_media":0,"comment_status":"open","ping_status":"closed","sticky":false,"template":"","format":"standard","meta":{"_bbp_topic_count":0,"_bbp_reply_count":0,"_bbp_total_topic_count":0,"_bbp_total_reply_count":0,"_bbp_voice_count":0,"_bbp_anonymous_reply_count":0,"_bbp_topic_count_hidden":0,"_bbp_reply_count_hidden":0,"_bbp_forum_subforum_count":0,"footnotes":""},"categories":[1,28,4],"tags":[],"class_list":["post-1496","post","type-post","status-publish","format-standard","hentry","category-general","category-noticies-portada","category-portada"],"post_mailing_queue_ids":[],"_links":{"self":[{"href":"https:\/\/agora.xtec.cat\/ceipmarianao\/wp-json\/wp\/v2\/posts\/1496","targetHints":{"allow":["GET"]}}],"collection":[{"href":"https:\/\/agora.xtec.cat\/ceipmarianao\/wp-json\/wp\/v2\/posts"}],"about":[{"href":"https:\/\/agora.xtec.cat\/ceipmarianao\/wp-json\/wp\/v2\/types\/post"}],"author":[{"embeddable":true,"href":"https:\/\/agora.xtec.cat\/ceipmarianao\/wp-json\/wp\/v2\/users\/3"}],"replies":[{"embeddable":true,"href":"https:\/\/agora.xtec.cat\/ceipmarianao\/wp-json\/wp\/v2\/comments?post=1496"}],"version-history":[{"count":4,"href":"https:\/\/agora.xtec.cat\/ceipmarianao\/wp-json\/wp\/v2\/posts\/1496\/revisions"}],"predecessor-version":[{"id":5501,"href":"https:\/\/agora.xtec.cat\/ceipmarianao\/wp-json\/wp\/v2\/posts\/1496\/revisions\/5501"}],"wp:attachment":[{"href":"https:\/\/agora.xtec.cat\/ceipmarianao\/wp-json\/wp\/v2\/media?parent=1496"}],"wp:term":[{"taxonomy":"category","embeddable":true,"href":"https:\/\/agora.xtec.cat\/ceipmarianao\/wp-json\/wp\/v2\/categories?post=1496"},{"taxonomy":"post_tag","embeddable":true,"href":"https:\/\/agora.xtec.cat\/ceipmarianao\/wp-json\/wp\/v2\/tags?post=1496"}],"curies":[{"name":"wp","href":"https:\/\/api.w.org\/{rel}","templated":true}]}}